{"id":107520,"date":"2019-07-30T10:22:36","date_gmt":"2019-07-30T13:22:36","guid":{"rendered":"http:\/\/www.caririemacao.com\/1\/?p=107520"},"modified":"2019-07-30T10:22:36","modified_gmt":"2019-07-30T13:22:36","slug":"bolsonaro-cancela-encontro-com-chanceler-da-franca-e-corta-o-cabelo-minutos-depois","status":"publish","type":"post","link":"https:\/\/www.caririemacao.com\/1\/2019\/07\/30\/bolsonaro-cancela-encontro-com-chanceler-da-franca-e-corta-o-cabelo-minutos-depois\/","title":{"rendered":"Bolsonaro cancela encontro com chanceler da Fran\u00e7a e corta o cabelo minutos depois"},"content":{"rendered":"\n<p>presidente Jair Bolsonaro cancelou de \u00faltima hora uma agenda que manteria na tarde desta segunda-feira (29) com o ministro de Rela\u00e7\u00f5es Exteriores da Fran\u00e7a, Jean-Yves Le Drian.<\/p>\n\n\n\n<p>Bolsonaro deveria receber Le Drian em audi\u00eancia \u00e0s 15h no Pal\u00e1cio do Planalto, numa agenda que deveria se estender at\u00e9 as 15h30.<\/p>\n\n\n\n<p>No entanto, minutos antes da reuni\u00e3o, o franc\u00eas foi avisado pelo ministro das Rela\u00e7\u00f5es Exteriores do Brasil, Ernesto Ara\u00fajo, de que Bolsonaro n\u00e3o teria mais hor\u00e1rio dispon\u00edvel para o encontro.<\/p>\n\n\n\n<p>Poucos minutos depois do hor\u00e1rio em que a reuni\u00e3o deveria acabar, por volta de 15h45, o presidente apareceu em uma live nas redes sociais cortando o cabelo.<\/p>\n\n\n\n<p>Diante do cancelamento com o presidente, o vice-presidente Hamilton Mour\u00e3o tamb\u00e9m modificou sua agenda e decidiu n\u00e3o se encontrar com o franc\u00eas. A reuni\u00e3o estava prevista para as 16h.<\/p>\n\n\n\n<p>No momento da comunica\u00e7\u00e3o do cancelamento, os chanceleres da Fran\u00e7a e do Brasil estavam almo\u00e7ando no Pal\u00e1cio do Itamaraty, em Bras\u00edlia, ap\u00f3s realizarem uma reuni\u00e3o de trabalho.<\/p>\n\n\n\n<p>Diplomatas consultados pela Folha disseram, sob condi\u00e7\u00e3o de anonimato, que suspender um encontro de \u00faltima hora com uma autoridade de alto n\u00edvel de outro pa\u00eds \u00e9 considerado um gesto no m\u00ednimo descort\u00eas.&nbsp;<\/p>\n\n\n\n<p>Eles lembraram ainda que a Fran\u00e7a \u00e9 um dos principais parceiros do Brasil e mant\u00e9m uma alian\u00e7a estrat\u00e9gica com o pa\u00eds na \u00e1rea de defesa.&nbsp;<\/p>\n\n\n\n<p>De acordo com diplomatas, desmarcar uma reuni\u00e3o desse n\u00edvel praticamente no \u00faltimo minuto muitas vezes \u00e9 uma forma de demonstrar descontentamento com algum assunto da rela\u00e7\u00e3o bilateral.&nbsp;&nbsp;<\/p>\n\n\n\n<p>Ap\u00f3s o fim do almo\u00e7o no Itamaraty, Ara\u00fajo negou qualquer componente pol\u00edtico no gesto e disse que o cancelamento da agenda ocorreu por &#8220;uma quest\u00e3o de agenda do presidente.&#8221;<\/p>\n\n\n\n<p>Ao deixar o Pal\u00e1cio do Alvorada na manh\u00e3 desta segunda, Bolsonaro disse que receberia o franc\u00eas e que trataria da quest\u00e3o ambiental, mas que n\u00e3o aceitaria imposi\u00e7\u00f5es de estrangeiros.&nbsp;<\/p>\n\n\n\n<p>&#8220;Hoje eu vou receber o premi\u00ea franc\u00eas [sic], se n\u00e3o me engano, para tratar de assuntos como meio ambiente e ele n\u00e3o vai querer falar grosso comigo, ele vai ter que entender que mudou o governo do Brasil. Aquela subservi\u00eancia que t\u00ednhamos no passado de outros chefes de Estado para com o primeiro mundo n\u00e3o existe mais. Se fosse outro governo qualquer, quando estava em Osaka, no G20, quando viesse para c\u00e1 demarcaria mais 10, 15, 20 reservas ind\u00edgenas&#8221;, afirmou.&nbsp;<\/p>\n\n\n\n<p>A administra\u00e7\u00e3o Bolsonaro e o governo franc\u00eas -liderado pelo presidente Emmanuel Macron- trocaram farpas nas \u00faltimas semanas.&nbsp;<\/p>\n\n\n\n<p>No in\u00edcio do m\u00eas, em um caf\u00e9 da manh\u00e3 com a bancada ruralista, Bolsonaro criticou Macron e a l\u00edder do governo alem\u00e3o, Angela Merkel, e disse que eles &#8220;n\u00e3o t\u00eam autoridade para discutir&#8221; a quest\u00e3o ambiental com o Brasil.<\/p>\n\n\n\n<p>O aumento dos \u00edndices de desmatamento no pa\u00eds tem sido um dos principais flancos de cr\u00edtica do governo Bolsonaro na Europa.&nbsp;<\/p>\n\n\n\n<p>O tema \u00e9 inclusive usado como argumento por agentes pol\u00edticos e econ\u00f4micos contr\u00e1rios ao acordo de livre com\u00e9rcio assinado entre a Uni\u00e3o Europeia e o Mercosul.<\/p>\n\n\n\n<p>Na Europa, a Fran\u00e7a \u00e9 um dos principais focos de resist\u00eancia ao tratado comercial.&nbsp;<br>Em declara\u00e7\u00e3o a jornalistas nesta segunda, Le Drian tratou da quest\u00e3o. Ele disse que a Fran\u00e7a tomar\u00e1 &#8220;o tempo necess\u00e1rio&#8221; para avaliar o acordo UE-Mercosul.<\/p>\n\n\n\n<p>&#8220;Reconhecemos o enorme potencial econ\u00f4mico que esse acordo representa para as empresas. Ao mesmo tempo cabe-nos tomar o tempo necess\u00e1rio para realizar da nossa parte uma avalia\u00e7\u00e3o nacional que seja completa, independente e transparente deste acordo. Isso permitir\u00e1 ent\u00e3o determinar a posi\u00e7\u00e3o das autoridades francesas&#8221;, disse Le Drian.<\/p>\n\n\n\n<p>O ministro franc\u00eas afirmou ainda que, em rela\u00e7\u00e3o ao processo de discuss\u00e3o do acordo de livre com\u00e9rcio, a Fran\u00e7a observar\u00e1 tr\u00eas elementos: a implementa\u00e7\u00e3o do Acordo de Paris (pacto global pela combate ao aquecimento global), a observa\u00e7\u00e3o de normas ambientais e sanit\u00e1rias e a prote\u00e7\u00e3o de segmentos agr\u00edcolas sens\u00edveis. &#8220;S\u00e3o os tr\u00eas pontos que despertam vigil\u00e2ncia da nossa parte&#8221;, disse.&nbsp;<\/p>\n\n\n\n<p>Antes de visitar o Brasil, Le Drian esteve no Chile, onde foi recebido pelo presidente Sebasti\u00e1n Pi\u00f1era.&nbsp;<\/p>\n\n\n\n<p>De Bras\u00edlia, o chefe da diplomacia francesa segue para S\u00e3o Paulo e Rio de Janeiro. Na capital paulista, Le Drian deve se encontrar com o governador Jo\u00e3o Doria (PSDB).<br>O porta-voz da presid\u00eancia da Rep\u00fablica, general Ot\u00e1vio R\u00eago Barros, disse que a live em que Bolsonaro apareceu cortando o cabelo n\u00e3o tem rela\u00e7\u00e3o com a suspens\u00e3o da agenda com o franc\u00eas.&nbsp;<\/p>\n\n\n\n<p>Segundo ele, como o chanceler franc\u00eas j\u00e1 tinha se reunido com Ara\u00fajo, a agenda com Bolsonaro foi cancelada.&nbsp;<\/p>\n","protected":false},"excerpt":{"rendered":"<p>presidente Jair Bolsonaro cancelou de \u00faltima hora uma agenda que manteria na tarde desta segunda-feira (29) com o ministro de Rela\u00e7\u00f5es Exteriores da Fran\u00e7a, Jean-Yves&hellip; <\/p>\n","protected":false},"author":1,"featured_media":107521,"comment_status":"closed","ping_status":"closed","sticky":false,"template":"","format":"standard","meta":{"sfsi_plus_gutenberg_text_before_share":"","sfsi_plus_gutenberg_show_text_before_share":"","sfsi_plus_gutenberg_icon_type":"","sfsi_plus_gutenberg_icon_alignemt":"","sfsi_plus_gutenburg_max_per_row":"","footnotes":""},"categories":[11],"tags":[],"class_list":["post-107520","post","type-post","status-publish","format-standard","has-post-thumbnail","hentry","category-politica"],"_links":{"self":[{"href":"https:\/\/www.caririemacao.com\/1\/wp-json\/wp\/v2\/posts\/107520","targetHints":{"allow":["GET"]}}],"collection":[{"href":"https:\/\/www.caririemacao.com\/1\/wp-json\/wp\/v2\/posts"}],"about":[{"href":"https:\/\/www.caririemacao.com\/1\/wp-json\/wp\/v2\/types\/post"}],"author":[{"embeddable":true,"href":"https:\/\/www.caririemacao.com\/1\/wp-json\/wp\/v2\/users\/1"}],"replies":[{"embeddable":true,"href":"https:\/\/www.caririemacao.com\/1\/wp-json\/wp\/v2\/comments?post=107520"}],"version-history":[{"count":1,"href":"https:\/\/www.caririemacao.com\/1\/wp-json\/wp\/v2\/posts\/107520\/revisions"}],"predecessor-version":[{"id":107522,"href":"https:\/\/www.caririemacao.com\/1\/wp-json\/wp\/v2\/posts\/107520\/revisions\/107522"}],"wp:featuredmedia":[{"embeddable":true,"href":"https:\/\/www.caririemacao.com\/1\/wp-json\/wp\/v2\/media\/107521"}],"wp:attachment":[{"href":"https:\/\/www.caririemacao.com\/1\/wp-json\/wp\/v2\/media?parent=107520"}],"wp:term":[{"taxonomy":"category","embeddable":true,"href":"https:\/\/www.caririemacao.com\/1\/wp-json\/wp\/v2\/categories?post=107520"},{"taxonomy":"post_tag","embeddable":true,"href":"https:\/\/www.caririemacao.com\/1\/wp-json\/wp\/v2\/tags?post=107520"}],"curies":[{"name":"wp","href":"https:\/\/api.w.org\/{rel}","templated":true}]}}