{"id":107526,"date":"2019-07-30T10:28:19","date_gmt":"2019-07-30T13:28:19","guid":{"rendered":"http:\/\/www.caririemacao.com\/1\/?p=107526"},"modified":"2019-07-30T10:28:19","modified_gmt":"2019-07-30T13:28:19","slug":"prefeitura-de-monteiro-inicia-pagamento-do-funcionalismo-nesta-segunda-feira","status":"publish","type":"post","link":"https:\/\/www.caririemacao.com\/1\/2019\/07\/30\/prefeitura-de-monteiro-inicia-pagamento-do-funcionalismo-nesta-segunda-feira\/","title":{"rendered":"Prefeitura de Monteiro inicia pagamento do funcionalismo nesta segunda-feira"},"content":{"rendered":"\n<p>A Prefeitura de Monteiro iniciou na manh\u00e3 desta segunda-feira, 29, o pagamento do funcionalismo municipal.<br>Conforme vem acontecendo, o pagamento est\u00e1 distribu\u00eddo em tr\u00eas dias. Primeiro recebem os servidores inativos e pensionisfas, j\u00e1 nesta ter\u00e7a-feira, 30, \u00e9 a vez da Secretaria de Educa\u00e7\u00e3o e na quarta-feira dia 31 recebem os servidores da sa\u00fade e demais funcion\u00e1rios.<\/p>\n\n\n\n<p>Est\u00e3o sendo injetados na economia mais de R$ 2 milh\u00f5es de reais. O com\u00e9rcio foi aquecido ganhando um f\u00f4lego com o pagamento da primeira parcela do d\u00e9cimo terceiro sal\u00e1rio somando ao todo mais de R$ 3 milh\u00f5es de reais em recursos neste m\u00eas de julho.<\/p>\n\n\n\n<p>O pagamento do sal\u00e1rio vem sendo rigorosamente pago em dia, fruto do equil\u00edbrio das contas p\u00fablicas do munic\u00edpio.<\/p>\n\n\n\n<p>Os funcion\u00e1rios municipais podem se dirigir \u00e0s duas ag\u00eancias do Bradesco na cidade para a realiza\u00e7\u00e3o do saque com toda comodidade.<\/p>\n","protected":false},"excerpt":{"rendered":"<p>A Prefeitura de Monteiro iniciou na manh\u00e3 desta segunda-feira, 29, o pagamento do funcionalismo municipal.Conforme vem acontecendo, o pagamento est\u00e1 distribu\u00eddo em tr\u00eas dias. Primeiro&hellip; <\/p>\n","protected":false},"author":1,"featured_media":66339,"comment_status":"closed","ping_status":"closed","sticky":false,"template":"","format":"standard","meta":{"sfsi_plus_gutenberg_text_before_share":"","sfsi_plus_gutenberg_show_text_before_share":"","sfsi_plus_gutenberg_icon_type":"","sfsi_plus_gutenberg_icon_alignemt":"","sfsi_plus_gutenburg_max_per_row":"","footnotes":""},"categories":[2],"tags":[],"class_list":["post-107526","post","type-post","status-publish","format-standard","has-post-thumbnail","hentry","category-geral"],"_links":{"self":[{"href":"https:\/\/www.caririemacao.com\/1\/wp-json\/wp\/v2\/posts\/107526","targetHints":{"allow":["GET"]}}],"collection":[{"href":"https:\/\/www.caririemacao.com\/1\/wp-json\/wp\/v2\/posts"}],"about":[{"href":"https:\/\/www.caririemacao.com\/1\/wp-json\/wp\/v2\/types\/post"}],"author":[{"embeddable":true,"href":"https:\/\/www.caririemacao.com\/1\/wp-json\/wp\/v2\/users\/1"}],"replies":[{"embeddable":true,"href":"https:\/\/www.caririemacao.com\/1\/wp-json\/wp\/v2\/comments?post=107526"}],"version-history":[{"count":1,"href":"https:\/\/www.caririemacao.com\/1\/wp-json\/wp\/v2\/posts\/107526\/revisions"}],"predecessor-version":[{"id":107527,"href":"https:\/\/www.caririemacao.com\/1\/wp-json\/wp\/v2\/posts\/107526\/revisions\/107527"}],"wp:featuredmedia":[{"embeddable":true,"href":"https:\/\/www.caririemacao.com\/1\/wp-json\/wp\/v2\/media\/66339"}],"wp:attachment":[{"href":"https:\/\/www.caririemacao.com\/1\/wp-json\/wp\/v2\/media?parent=107526"}],"wp:term":[{"taxonomy":"category","embeddable":true,"href":"https:\/\/www.caririemacao.com\/1\/wp-json\/wp\/v2\/categories?post=107526"},{"taxonomy":"post_tag","embeddable":true,"href":"https:\/\/www.caririemacao.com\/1\/wp-json\/wp\/v2\/tags?post=107526"}],"curies":[{"name":"wp","href":"https:\/\/api.w.org\/{rel}","templated":true}]}}