{"id":107529,"date":"2019-07-30T10:33:37","date_gmt":"2019-07-30T13:33:37","guid":{"rendered":"http:\/\/www.caririemacao.com\/1\/?p=107529"},"modified":"2019-07-30T10:33:37","modified_gmt":"2019-07-30T13:33:37","slug":"mec-prorroga-prazo-para-renegociacao-de-divida-com-fies","status":"publish","type":"post","link":"https:\/\/www.caririemacao.com\/1\/2019\/07\/30\/mec-prorroga-prazo-para-renegociacao-de-divida-com-fies\/","title":{"rendered":"MEC prorroga prazo para renegocia\u00e7\u00e3o de d\u00edvida com Fies"},"content":{"rendered":"\n<p>O Minist\u00e9rio da Educa\u00e7\u00e3o prorrogou o prazo para a renegocia\u00e7\u00e3o da d\u00edvida do Fundo de Financiamento Estudantil (Fies).&nbsp;A&nbsp;decis\u00e3o foi publicada no Di\u00e1rio Oficial da Uni\u00e3o desta segunda-feira (29).&nbsp;<\/p>\n\n\n\n<p><a href=\"http:\/\/www.in.gov.br\/web\/dou\/-\/portaria-n-435-de-29-de-julho-de-2019-207683654\">Confira a portaria<\/a><\/p>\n\n\n\n<p>De acordo com a portaria o novo prazo estabelecido para renegocia\u00e7\u00e3o \u00e9 dia 10 de outubro de 2019.&nbsp;<\/p>\n\n\n\n<p>A renegocia\u00e7\u00e3o atinge aqueles que est\u00e3o em d\u00edvida com o Fies at\u00e9 o segundo semestre de 2017.<\/p>\n","protected":false},"excerpt":{"rendered":"<p>O Minist\u00e9rio da Educa\u00e7\u00e3o prorrogou o prazo para a renegocia\u00e7\u00e3o da d\u00edvida do Fundo de Financiamento Estudantil (Fies).&nbsp;A&nbsp;decis\u00e3o foi publicada no Di\u00e1rio Oficial da Uni\u00e3o&hellip; <\/p>\n","protected":false},"author":1,"featured_media":61310,"comment_status":"closed","ping_status":"closed","sticky":false,"template":"","format":"standard","meta":{"sfsi_plus_gutenberg_text_before_share":"","sfsi_plus_gutenberg_show_text_before_share":"","sfsi_plus_gutenberg_icon_type":"","sfsi_plus_gutenberg_icon_alignemt":"","sfsi_plus_gutenburg_max_per_row":"","footnotes":""},"categories":[2],"tags":[],"class_list":["post-107529","post","type-post","status-publish","format-standard","has-post-thumbnail","hentry","category-geral"],"_links":{"self":[{"href":"https:\/\/www.caririemacao.com\/1\/wp-json\/wp\/v2\/posts\/107529","targetHints":{"allow":["GET"]}}],"collection":[{"href":"https:\/\/www.caririemacao.com\/1\/wp-json\/wp\/v2\/posts"}],"about":[{"href":"https:\/\/www.caririemacao.com\/1\/wp-json\/wp\/v2\/types\/post"}],"author":[{"embeddable":true,"href":"https:\/\/www.caririemacao.com\/1\/wp-json\/wp\/v2\/users\/1"}],"replies":[{"embeddable":true,"href":"https:\/\/www.caririemacao.com\/1\/wp-json\/wp\/v2\/comments?post=107529"}],"version-history":[{"count":1,"href":"https:\/\/www.caririemacao.com\/1\/wp-json\/wp\/v2\/posts\/107529\/revisions"}],"predecessor-version":[{"id":107530,"href":"https:\/\/www.caririemacao.com\/1\/wp-json\/wp\/v2\/posts\/107529\/revisions\/107530"}],"wp:featuredmedia":[{"embeddable":true,"href":"https:\/\/www.caririemacao.com\/1\/wp-json\/wp\/v2\/media\/61310"}],"wp:attachment":[{"href":"https:\/\/www.caririemacao.com\/1\/wp-json\/wp\/v2\/media?parent=107529"}],"wp:term":[{"taxonomy":"category","embeddable":true,"href":"https:\/\/www.caririemacao.com\/1\/wp-json\/wp\/v2\/categories?post=107529"},{"taxonomy":"post_tag","embeddable":true,"href":"https:\/\/www.caririemacao.com\/1\/wp-json\/wp\/v2\/tags?post=107529"}],"curies":[{"name":"wp","href":"https:\/\/api.w.org\/{rel}","templated":true}]}}