{"id":107539,"date":"2019-07-30T11:05:20","date_gmt":"2019-07-30T14:05:20","guid":{"rendered":"http:\/\/www.caririemacao.com\/1\/?p=107539"},"modified":"2019-07-30T11:05:20","modified_gmt":"2019-07-30T14:05:20","slug":"rodrigo-maia-usa-aviao-da-fab-para-viagem-de-ferias-com-a-familia","status":"publish","type":"post","link":"https:\/\/www.caririemacao.com\/1\/2019\/07\/30\/rodrigo-maia-usa-aviao-da-fab-para-viagem-de-ferias-com-a-familia\/","title":{"rendered":"Rodrigo Maia usa avi\u00e3o da FAB para viagem de f\u00e9rias com a fam\u00edlia"},"content":{"rendered":"\n<p>O presidente da C\u00e2mara, Rodrigo Maia (DEM-RJ), usou um avi\u00e3o da For\u00e7a A\u00e9rea Brasileira (FAB) para se deslocar com a fam\u00edlia at\u00e9 o aeroporto de Viracopos, em Campinas (SP), e embarcar em um voo rumo \u00e0 Fl\u00f3rida, nos Estados Unidos, para passar f\u00e9rias. Aeronave da FAB tamb\u00e9m levou parentes de Jair Bolsonaro para a festa de casamento do filho, Eduardo, em maio.<\/p>\n\n\n\n<p>Para justificar o uso da aeronave, a assessoria de imprensa do deputado relacionou ao \u201citiner\u00e1rio e custo\u201d para o deslocamento, segundo a coluna Painel S.A., de Joana Cunha, na Folha de S.Paulo desta ter\u00e7a-feira (30). A viagem teria sido realizada h\u00e1 uma semana.<\/p>\n\n\n\n<p>Segundo a jornalista, por meio da assessoria, o deputado disse ainda que tem prerrogativa e que \u201cse n\u00e3o fosse permitido, ele n\u00e3o voaria\u201d nos avi\u00f5es da FAB. \u201cTodos os trechos s\u00e3o comunicados a eles e a For\u00e7a A\u00e9rea autoriza o deslocamento. Tudo dentro das normas estabelecidas\u201d.<\/p>\n\n\n\n<p><strong>Casamento<\/strong><\/p>\n\n\n\n<p>Bolsonaro tamb\u00e9m negou que tenha errado ao disponibilizar um helic\u00f3ptero da For\u00e7a A\u00e9rea Brasileira (FAB) para levar parentes seus ao casamento do filho, Eduardo Bolsonaro, no m\u00eas de maio.<\/p>\n\n\n\n<p>\u201cEu vou responder. Eu fui a casamento do meu filho. A minha fam\u00edlia ia comigo. Eu vou negar o helic\u00f3ptero a ir para l\u00e1 e mandar ir de carro? N\u00e3o gastei nada do que j\u00e1 ia gastar\u201d, disse Bolsonaro no s\u00e1bado (27). Na noite anterior, ele havia abandonado entrevista coletiva irritado com a pergunta.<\/p>\n","protected":false},"excerpt":{"rendered":"<p>O presidente da C\u00e2mara, Rodrigo Maia (DEM-RJ), usou um avi\u00e3o da For\u00e7a A\u00e9rea Brasileira (FAB) para se deslocar com a fam\u00edlia at\u00e9 o aeroporto de&hellip; <\/p>\n","protected":false},"author":1,"featured_media":104647,"comment_status":"closed","ping_status":"closed","sticky":false,"template":"","format":"standard","meta":{"sfsi_plus_gutenberg_text_before_share":"","sfsi_plus_gutenberg_show_text_before_share":"","sfsi_plus_gutenberg_icon_type":"","sfsi_plus_gutenberg_icon_alignemt":"","sfsi_plus_gutenburg_max_per_row":"","footnotes":""},"categories":[11],"tags":[],"class_list":["post-107539","post","type-post","status-publish","format-standard","has-post-thumbnail","hentry","category-politica"],"_links":{"self":[{"href":"https:\/\/www.caririemacao.com\/1\/wp-json\/wp\/v2\/posts\/107539","targetHints":{"allow":["GET"]}}],"collection":[{"href":"https:\/\/www.caririemacao.com\/1\/wp-json\/wp\/v2\/posts"}],"about":[{"href":"https:\/\/www.caririemacao.com\/1\/wp-json\/wp\/v2\/types\/post"}],"author":[{"embeddable":true,"href":"https:\/\/www.caririemacao.com\/1\/wp-json\/wp\/v2\/users\/1"}],"replies":[{"embeddable":true,"href":"https:\/\/www.caririemacao.com\/1\/wp-json\/wp\/v2\/comments?post=107539"}],"version-history":[{"count":1,"href":"https:\/\/www.caririemacao.com\/1\/wp-json\/wp\/v2\/posts\/107539\/revisions"}],"predecessor-version":[{"id":107541,"href":"https:\/\/www.caririemacao.com\/1\/wp-json\/wp\/v2\/posts\/107539\/revisions\/107541"}],"wp:featuredmedia":[{"embeddable":true,"href":"https:\/\/www.caririemacao.com\/1\/wp-json\/wp\/v2\/media\/104647"}],"wp:attachment":[{"href":"https:\/\/www.caririemacao.com\/1\/wp-json\/wp\/v2\/media?parent=107539"}],"wp:term":[{"taxonomy":"category","embeddable":true,"href":"https:\/\/www.caririemacao.com\/1\/wp-json\/wp\/v2\/categories?post=107539"},{"taxonomy":"post_tag","embeddable":true,"href":"https:\/\/www.caririemacao.com\/1\/wp-json\/wp\/v2\/tags?post=107539"}],"curies":[{"name":"wp","href":"https:\/\/api.w.org\/{rel}","templated":true}]}}