{"id":107553,"date":"2019-07-30T11:22:05","date_gmt":"2019-07-30T14:22:05","guid":{"rendered":"http:\/\/www.caririemacao.com\/1\/?p=107553"},"modified":"2019-07-30T11:22:05","modified_gmt":"2019-07-30T14:22:05","slug":"pesquisa-aponta-que-o-ser-humano-esta-cada-vez-menos-inteligente","status":"publish","type":"post","link":"https:\/\/www.caririemacao.com\/1\/2019\/07\/30\/pesquisa-aponta-que-o-ser-humano-esta-cada-vez-menos-inteligente\/","title":{"rendered":"Pesquisa aponta que o ser humano est\u00e1 cada vez menos inteligente"},"content":{"rendered":"\n<p>Pesquisadores noruegueses, ap\u00f3s analisarem mais de 730 mil avalia\u00e7\u00f5es de QI (Quociente de Intelig\u00eancia), chegaram \u00e0 conclus\u00e3o de que as pessoas est\u00e3o cada vez menos inteligentes. O estudo verificou uma diminui\u00e7\u00e3o de praticamente 7 pontos de uma gera\u00e7\u00e3o a outra, sendo a \u00faltima a que apresentou menor intelig\u00eancia.<\/p>\n\n\n\n<p>O fen\u00f4meno \u00e9 uma revers\u00e3o do chamado Efeito Flynn.&nbsp;Este conceito diz respeito ao aumento constante do \u00edndice de acerto nos testes de QI verificado entre a popula\u00e7\u00e3o mundial durante o s\u00e9culo XX. A partir de 1900, a humanidade registrava um aumento m\u00e9dio de tr\u00eas pontos de QI a cada d\u00e9cada. O efeito foi batizado em homenagem ao cientista James Flynn, que observou esses dados.&nbsp;<\/p>\n\n\n\n<p>A pesquisa norueguesa, realizada pelo Centro Ragnar Frisch de Pesquisa Econ\u00f4mica, sugere que o \u00e1pice do Efeito Flynn foi registrado entre pessoas nascidas no meio da d\u00e9cada de 1970. Depois disso, verificou-se um decl\u00ednio nos \u00edndices de QI.&nbsp;&#8220;Esta \u00e9 a prova mais convincente de uma revers\u00e3o do efeito Flynn&#8221;, disse o psic\u00f3logo Stuart Ritchie, da Universidade de Edimburgo, na Esc\u00f3cia, que n\u00e3o participou da pesquisa.&nbsp;&#8220;Se voc\u00ea assumir que o modelo deles est\u00e1 correto, os resultados s\u00e3o impressionantes e preocupantes&#8221;, completou.<\/p>\n\n\n\n<p>O estudo sugere que mudan\u00e7as no estilo de vida podem ser a causa da queda nos \u00edndices de QI. Isso inclui fatores como o tipo de educa\u00e7\u00e3o oferecida \u00e0s crian\u00e7as de hoje em dia e as atividades exercidas por elas (menos tempo gasto com leitura, por exemplo).&nbsp;Outra possibilidade \u00e9 que os testes de QI n\u00e3o se adaptaram para quantificar com precis\u00e3o a intelig\u00eancia das pessoas modernas. Essas avalia\u00e7\u00f5es favoreceriam formas de racioc\u00ednio que podem ser menos enfatizadas na educa\u00e7\u00e3o contempor\u00e2nea e no estilo de vida dos jovens.<\/p>\n\n\n\n<hr class=\"wp-block-separator\"\/>\n\n\n\n<p>Fonte:&nbsp;<a href=\"https:\/\/www.sciencealert.com\/iq-scores-falling-in-worrying-reversal-20th-century-intelligence-boom-flynn-effect-intelligence\" target=\"_blank\" rel=\"noreferrer noopener\">Science Alert<\/a><\/p>\n","protected":false},"excerpt":{"rendered":"<p>Pesquisadores noruegueses, ap\u00f3s analisarem mais de 730 mil avalia\u00e7\u00f5es de QI (Quociente de Intelig\u00eancia), chegaram \u00e0 conclus\u00e3o de que as pessoas est\u00e3o cada vez menos&hellip; <\/p>\n","protected":false},"author":1,"featured_media":63442,"comment_status":"closed","ping_status":"closed","sticky":false,"template":"","format":"standard","meta":{"sfsi_plus_gutenberg_text_before_share":"","sfsi_plus_gutenberg_show_text_before_share":"","sfsi_plus_gutenberg_icon_type":"","sfsi_plus_gutenberg_icon_alignemt":"","sfsi_plus_gutenburg_max_per_row":"","footnotes":""},"categories":[2],"tags":[],"class_list":["post-107553","post","type-post","status-publish","format-standard","has-post-thumbnail","hentry","category-geral"],"_links":{"self":[{"href":"https:\/\/www.caririemacao.com\/1\/wp-json\/wp\/v2\/posts\/107553","targetHints":{"allow":["GET"]}}],"collection":[{"href":"https:\/\/www.caririemacao.com\/1\/wp-json\/wp\/v2\/posts"}],"about":[{"href":"https:\/\/www.caririemacao.com\/1\/wp-json\/wp\/v2\/types\/post"}],"author":[{"embeddable":true,"href":"https:\/\/www.caririemacao.com\/1\/wp-json\/wp\/v2\/users\/1"}],"replies":[{"embeddable":true,"href":"https:\/\/www.caririemacao.com\/1\/wp-json\/wp\/v2\/comments?post=107553"}],"version-history":[{"count":1,"href":"https:\/\/www.caririemacao.com\/1\/wp-json\/wp\/v2\/posts\/107553\/revisions"}],"predecessor-version":[{"id":107554,"href":"https:\/\/www.caririemacao.com\/1\/wp-json\/wp\/v2\/posts\/107553\/revisions\/107554"}],"wp:featuredmedia":[{"embeddable":true,"href":"https:\/\/www.caririemacao.com\/1\/wp-json\/wp\/v2\/media\/63442"}],"wp:attachment":[{"href":"https:\/\/www.caririemacao.com\/1\/wp-json\/wp\/v2\/media?parent=107553"}],"wp:term":[{"taxonomy":"category","embeddable":true,"href":"https:\/\/www.caririemacao.com\/1\/wp-json\/wp\/v2\/categories?post=107553"},{"taxonomy":"post_tag","embeddable":true,"href":"https:\/\/www.caririemacao.com\/1\/wp-json\/wp\/v2\/tags?post=107553"}],"curies":[{"name":"wp","href":"https:\/\/api.w.org\/{rel}","templated":true}]}}