{"id":107565,"date":"2019-07-30T13:58:26","date_gmt":"2019-07-30T16:58:26","guid":{"rendered":"http:\/\/www.caririemacao.com\/1\/?p=107565"},"modified":"2019-07-30T13:58:26","modified_gmt":"2019-07-30T16:58:26","slug":"prefeito-de-camalau-entrega-mais-um-onibus-zero-a-populacao","status":"publish","type":"post","link":"https:\/\/www.caririemacao.com\/1\/2019\/07\/30\/prefeito-de-camalau-entrega-mais-um-onibus-zero-a-populacao\/","title":{"rendered":"Prefeito de Camala\u00fa entrega mais um \u00f4nibus zero \u00e0 popula\u00e7\u00e3o"},"content":{"rendered":"\n<p><\/p>\n\n\n\n<p><\/p>\n\n\n\n<figure class=\"wp-block-image\"><a href=\"https:\/\/1.bp.blogspot.com\/-cchMW6KXBdI\/XUBr8-wO8CI\/AAAAAAAAGO8\/bQoLD_ZXMTAQiAGBuqbytO3eB1gC_Z5HgCLcBGAs\/s1600\/zzz.jpg\"><img decoding=\"async\" data-src=\"https:\/\/1.bp.blogspot.com\/-cchMW6KXBdI\/XUBr8-wO8CI\/AAAAAAAAGO8\/bQoLD_ZXMTAQiAGBuqbytO3eB1gC_Z5HgCLcBGAs\/s280\/zzz.jpg\" alt=\"\" src=\"data:image\/svg+xml;base64,PHN2ZyB3aWR0aD0iMSIgaGVpZ2h0PSIxIiB4bWxucz0iaHR0cDovL3d3dy53My5vcmcvMjAwMC9zdmciPjwvc3ZnPg==\" class=\"lazyload\" \/><\/a><\/figure>\n\n\n\n<p>O prefeito de Camala\u00fa Sandro M\u00f4co entrega mais um ve\u00edculo zero \u00e0 popula\u00e7\u00e3o neste in\u00edcio de semana.<br>Trata-se de um \u00f4nibus escolar zero kil\u00f4metro, fruto de uma emenda do deputado estadual Pedro Cunha Lima, um dos principais parceiros da atual gest\u00e3o do munic\u00edpio.<br>O \u00f4nibus conta tamb\u00e9m com acessibilidade para atender a&nbsp; pessoas com defici\u00eancia.<br>Desde que assumiu a gest\u00e3o municipal, o prefeito Sandro M\u00f4co promoveu uma verdadeira renova\u00e7\u00e3o na frota de ve\u00edculos do munic\u00edpio, que estava totalmente sucateada.<br>Nas secretarias de educa\u00e7\u00e3o, de sa\u00fade, de agricultura e em outros setores a frota foi completamente renovada, oferecendo ve\u00edculos de qualidade, com conforto, e com toda a estrutura que a popula\u00e7\u00e3o camalauense merece.<\/p>\n","protected":false},"excerpt":{"rendered":"<p>O prefeito de Camala\u00fa Sandro M\u00f4co entrega mais um ve\u00edculo zero \u00e0 popula\u00e7\u00e3o neste in\u00edcio de semana.Trata-se de um \u00f4nibus escolar zero kil\u00f4metro, fruto de&hellip; <\/p>\n","protected":false},"author":1,"featured_media":91671,"comment_status":"closed","ping_status":"closed","sticky":false,"template":"","format":"standard","meta":{"sfsi_plus_gutenberg_text_before_share":"","sfsi_plus_gutenberg_show_text_before_share":"","sfsi_plus_gutenberg_icon_type":"","sfsi_plus_gutenberg_icon_alignemt":"","sfsi_plus_gutenburg_max_per_row":"","footnotes":""},"categories":[50,2],"tags":[],"class_list":["post-107565","post","type-post","status-publish","format-standard","has-post-thumbnail","hentry","category-destaque","category-geral"],"_links":{"self":[{"href":"https:\/\/www.caririemacao.com\/1\/wp-json\/wp\/v2\/posts\/107565","targetHints":{"allow":["GET"]}}],"collection":[{"href":"https:\/\/www.caririemacao.com\/1\/wp-json\/wp\/v2\/posts"}],"about":[{"href":"https:\/\/www.caririemacao.com\/1\/wp-json\/wp\/v2\/types\/post"}],"author":[{"embeddable":true,"href":"https:\/\/www.caririemacao.com\/1\/wp-json\/wp\/v2\/users\/1"}],"replies":[{"embeddable":true,"href":"https:\/\/www.caririemacao.com\/1\/wp-json\/wp\/v2\/comments?post=107565"}],"version-history":[{"count":1,"href":"https:\/\/www.caririemacao.com\/1\/wp-json\/wp\/v2\/posts\/107565\/revisions"}],"predecessor-version":[{"id":107566,"href":"https:\/\/www.caririemacao.com\/1\/wp-json\/wp\/v2\/posts\/107565\/revisions\/107566"}],"wp:featuredmedia":[{"embeddable":true,"href":"https:\/\/www.caririemacao.com\/1\/wp-json\/wp\/v2\/media\/91671"}],"wp:attachment":[{"href":"https:\/\/www.caririemacao.com\/1\/wp-json\/wp\/v2\/media?parent=107565"}],"wp:term":[{"taxonomy":"category","embeddable":true,"href":"https:\/\/www.caririemacao.com\/1\/wp-json\/wp\/v2\/categories?post=107565"},{"taxonomy":"post_tag","embeddable":true,"href":"https:\/\/www.caririemacao.com\/1\/wp-json\/wp\/v2\/tags?post=107565"}],"curies":[{"name":"wp","href":"https:\/\/api.w.org\/{rel}","templated":true}]}}