{"id":107583,"date":"2019-07-30T15:00:08","date_gmt":"2019-07-30T18:00:08","guid":{"rendered":"http:\/\/www.caririemacao.com\/1\/?p=107583"},"modified":"2019-07-30T15:00:08","modified_gmt":"2019-07-30T18:00:08","slug":"correios-ameacam-deflagrar-greve-nesta-quinta-feira-na-paraiba","status":"publish","type":"post","link":"https:\/\/www.caririemacao.com\/1\/2019\/07\/30\/correios-ameacam-deflagrar-greve-nesta-quinta-feira-na-paraiba\/","title":{"rendered":"Correios amea\u00e7am deflagrar greve nesta quinta-feira na Para\u00edba"},"content":{"rendered":"\n<p>Sindicato dos Trabalhadores em Correios e Tel\u00e9grafos na Para\u00edba (SINTECT-PB) realiza nesta quarta-feira (31), uma assembleia geral com toda a categoria, com o objetivo de deliberar por uma greve no estado, a partir da 00h, desta quinta-feira (1\u00ba).&nbsp;<\/p>\n\n\n\n<p>A assembleia acontece \u00e0s 19h na sede do sindicato. Al\u00e9m da greve, a categoria discute a avalia\u00e7\u00e3o da campanha salarial 2019\/2020.&nbsp;<\/p>\n\n\n\n<figure class=\"wp-block-image\"><img decoding=\"async\" data-src=\"https:\/\/www.clickpb.com.br\/media\/filer_public\/fb\/f6\/fbf609be-3912-4c21-a506-4fee0e840781\/correios.png\" alt=\"\" src=\"data:image\/svg+xml;base64,PHN2ZyB3aWR0aD0iMSIgaGVpZ2h0PSIxIiB4bWxucz0iaHR0cDovL3d3dy53My5vcmcvMjAwMC9zdmciPjwvc3ZnPg==\" class=\"lazyload\" \/><\/figure>\n","protected":false},"excerpt":{"rendered":"<p>Sindicato dos Trabalhadores em Correios e Tel\u00e9grafos na Para\u00edba (SINTECT-PB) realiza nesta quarta-feira (31), uma assembleia geral com toda a categoria, com o objetivo de&hellip; <\/p>\n","protected":false},"author":1,"featured_media":107584,"comment_status":"closed","ping_status":"closed","sticky":false,"template":"","format":"standard","meta":{"sfsi_plus_gutenberg_text_before_share":"","sfsi_plus_gutenberg_show_text_before_share":"","sfsi_plus_gutenberg_icon_type":"","sfsi_plus_gutenberg_icon_alignemt":"","sfsi_plus_gutenburg_max_per_row":"","footnotes":""},"categories":[6],"tags":[],"class_list":["post-107583","post","type-post","status-publish","format-standard","has-post-thumbnail","hentry","category-cidades"],"_links":{"self":[{"href":"https:\/\/www.caririemacao.com\/1\/wp-json\/wp\/v2\/posts\/107583","targetHints":{"allow":["GET"]}}],"collection":[{"href":"https:\/\/www.caririemacao.com\/1\/wp-json\/wp\/v2\/posts"}],"about":[{"href":"https:\/\/www.caririemacao.com\/1\/wp-json\/wp\/v2\/types\/post"}],"author":[{"embeddable":true,"href":"https:\/\/www.caririemacao.com\/1\/wp-json\/wp\/v2\/users\/1"}],"replies":[{"embeddable":true,"href":"https:\/\/www.caririemacao.com\/1\/wp-json\/wp\/v2\/comments?post=107583"}],"version-history":[{"count":1,"href":"https:\/\/www.caririemacao.com\/1\/wp-json\/wp\/v2\/posts\/107583\/revisions"}],"predecessor-version":[{"id":107585,"href":"https:\/\/www.caririemacao.com\/1\/wp-json\/wp\/v2\/posts\/107583\/revisions\/107585"}],"wp:featuredmedia":[{"embeddable":true,"href":"https:\/\/www.caririemacao.com\/1\/wp-json\/wp\/v2\/media\/107584"}],"wp:attachment":[{"href":"https:\/\/www.caririemacao.com\/1\/wp-json\/wp\/v2\/media?parent=107583"}],"wp:term":[{"taxonomy":"category","embeddable":true,"href":"https:\/\/www.caririemacao.com\/1\/wp-json\/wp\/v2\/categories?post=107583"},{"taxonomy":"post_tag","embeddable":true,"href":"https:\/\/www.caririemacao.com\/1\/wp-json\/wp\/v2\/tags?post=107583"}],"curies":[{"name":"wp","href":"https:\/\/api.w.org\/{rel}","templated":true}]}}