{"id":107593,"date":"2019-07-30T15:03:22","date_gmt":"2019-07-30T18:03:22","guid":{"rendered":"http:\/\/www.caririemacao.com\/1\/?p=107593"},"modified":"2019-07-30T15:03:22","modified_gmt":"2019-07-30T18:03:22","slug":"esclerose-multipla-atinge-301-paraibanos-e-doenca-sera-tema-de-sessao-na-volta-dos-trabalhos-da-alpb","status":"publish","type":"post","link":"https:\/\/www.caririemacao.com\/1\/2019\/07\/30\/esclerose-multipla-atinge-301-paraibanos-e-doenca-sera-tema-de-sessao-na-volta-dos-trabalhos-da-alpb\/","title":{"rendered":"Esclerose m\u00faltipla atinge 301 paraibanos e doen\u00e7a ser\u00e1 tema de sess\u00e3o na volta dos trabalhos da ALPB"},"content":{"rendered":"\n<p>Na Para\u00edba, a esclerose m\u00faltipla afeta 301 pessoas e entre 2011 e 2016 foi a causa de 20 mortes, de acordo com o Sistema de Informa\u00e7\u00e3o sobre Mortalidade (SIM).&nbsp;A doen\u00e7a \u00e9 autoimune, n\u00e3o tem cura, mas os tratamentos podem ajudar a controlar os sintomas e reduzir a sua progress\u00e3o. \u00c9 essa a tem\u00e1tica que abrir\u00e1 a retomada dos trabalhos da&nbsp;Assembleia Legislativa da Para\u00edba (ALPB) em&nbsp;sess\u00e3o especial na pr\u00f3xima quinta-feira (1), a partir das 09h30.<\/p>\n\n\n\n<p>O objetivo da sess\u00e3o \u00e9 discutir a esclerose m\u00faltipla dentro do \u2018Agosto Laranja\u2019 para trazer informa\u00e7\u00f5es e contribuir com o debate para o diagn\u00f3stico precoce, tratamento adequado e melhoria na qualidade de vida dos portadores da doen\u00e7a.<\/p>\n\n\n\n<p>A esclerose compromete, entre outros aspectos, a capacidade de equil\u00edbrio, a vis\u00e3o e pode levar \u00e0 morte se n\u00e3o for tratada corretamente.&nbsp;\u201cA esclerose \u00e9 bastante desconhecida entre os brasileiros. Cerca de 80% da popula\u00e7\u00e3o n\u00e3o sabem o que \u00e9 a doen\u00e7a. Cabe a n\u00f3s levar informa\u00e7\u00f5es e cobrar acesso a diagn\u00f3stico, tratamento e medica\u00e7\u00e3o\u201d, disse o parlamentar.<\/p>\n\n\n\n<p>\u201cPrecisamos que o Poder P\u00fablico olhe para essas pessoas buscando alternativas para possibilitar uma melhor conviv\u00eancia com essa doen\u00e7a. Muitas vezes, os portadores de doen\u00e7as raras s\u00e3o negligenciados, pois essas enfermidades atingem uma parcela pequena da popula\u00e7\u00e3o e os tratamentos s\u00e3o muito caros. Mas, toda vida tem muito valor e temos a obriga\u00e7\u00e3o de fornecer tratamento e acompanhamento para essas pessoas\u201d, afirmou Tovar.<br><\/p>\n\n\n\n<p>O deputado, que \u00e9 autor da Lei n\u00ba 10.843\/2016, que cria o Dia Estadual de Conscientiza\u00e7\u00e3o sobre a Esclerose M\u00faltipla, destaca a import\u00e2ncia do debate do assunto. No Brasil, estima-se que 35 mil pessoas sofram com a doen\u00e7a, em que as c\u00e9lulas de defesa do organismo atacam o sistema nervoso, causando fadiga, vis\u00e3o emba\u00e7ada, perda de equil\u00edbrio e outros problemas. No mundo s\u00e3o 2,5 milh\u00f5es de portadores.<\/p>\n","protected":false},"excerpt":{"rendered":"<p>Na Para\u00edba, a esclerose m\u00faltipla afeta 301 pessoas e entre 2011 e 2016 foi a causa de 20 mortes, de acordo com o Sistema de&hellip; <\/p>\n","protected":false},"author":1,"featured_media":107594,"comment_status":"closed","ping_status":"closed","sticky":false,"template":"","format":"standard","meta":{"sfsi_plus_gutenberg_text_before_share":"","sfsi_plus_gutenberg_show_text_before_share":"","sfsi_plus_gutenberg_icon_type":"","sfsi_plus_gutenberg_icon_alignemt":"","sfsi_plus_gutenburg_max_per_row":"","footnotes":""},"categories":[16],"tags":[],"class_list":["post-107593","post","type-post","status-publish","format-standard","has-post-thumbnail","hentry","category-saude"],"_links":{"self":[{"href":"https:\/\/www.caririemacao.com\/1\/wp-json\/wp\/v2\/posts\/107593","targetHints":{"allow":["GET"]}}],"collection":[{"href":"https:\/\/www.caririemacao.com\/1\/wp-json\/wp\/v2\/posts"}],"about":[{"href":"https:\/\/www.caririemacao.com\/1\/wp-json\/wp\/v2\/types\/post"}],"author":[{"embeddable":true,"href":"https:\/\/www.caririemacao.com\/1\/wp-json\/wp\/v2\/users\/1"}],"replies":[{"embeddable":true,"href":"https:\/\/www.caririemacao.com\/1\/wp-json\/wp\/v2\/comments?post=107593"}],"version-history":[{"count":1,"href":"https:\/\/www.caririemacao.com\/1\/wp-json\/wp\/v2\/posts\/107593\/revisions"}],"predecessor-version":[{"id":107595,"href":"https:\/\/www.caririemacao.com\/1\/wp-json\/wp\/v2\/posts\/107593\/revisions\/107595"}],"wp:featuredmedia":[{"embeddable":true,"href":"https:\/\/www.caririemacao.com\/1\/wp-json\/wp\/v2\/media\/107594"}],"wp:attachment":[{"href":"https:\/\/www.caririemacao.com\/1\/wp-json\/wp\/v2\/media?parent=107593"}],"wp:term":[{"taxonomy":"category","embeddable":true,"href":"https:\/\/www.caririemacao.com\/1\/wp-json\/wp\/v2\/categories?post=107593"},{"taxonomy":"post_tag","embeddable":true,"href":"https:\/\/www.caririemacao.com\/1\/wp-json\/wp\/v2\/tags?post=107593"}],"curies":[{"name":"wp","href":"https:\/\/api.w.org\/{rel}","templated":true}]}}