{"id":107605,"date":"2019-07-30T15:13:49","date_gmt":"2019-07-30T18:13:49","guid":{"rendered":"http:\/\/www.caririemacao.com\/1\/?p=107605"},"modified":"2019-07-30T15:13:49","modified_gmt":"2019-07-30T18:13:49","slug":"bolsonaro-e-um-homem-fantastico-com-uma-familia-maravilhosa-diz-trump","status":"publish","type":"post","link":"https:\/\/www.caririemacao.com\/1\/2019\/07\/30\/bolsonaro-e-um-homem-fantastico-com-uma-familia-maravilhosa-diz-trump\/","title":{"rendered":"Bolsonaro \u00e9 &#8220;um homem fant\u00e1stico com uma fam\u00edlia maravilhosa&#8221;, diz Trump"},"content":{"rendered":"\n<p>presidente dos Estados Unidos, Donald Trump, afirmou nesta ter\u00e7a-feira (30), ter um &#8220;grande relacionamento&#8221; com o Brasil e com o presidente Jair Bolsonaro, a quem o americano chamou de &#8220;um homem fant\u00e1stico&#8221;, que tem &#8220;uma fam\u00edlia maravilhosa&#8221; e est\u00e1 fazendo &#8220;um grande trabalho&#8221; ao governar o Pa\u00eds.<\/p>\n\n\n\n<p>As declara\u00e7\u00f5es foram dadas em resposta a uma pergunta durante entrevista nos jardins da Casa Branca, antes de embarcar em um helic\u00f3ptero.<\/p>\n\n\n\n<p>As declara\u00e7\u00f5es de Trump vem em meio ao processo de nomea\u00e7\u00e3o do deputado federal Eduardo Bolsonaro (PSL-SP) ao cargo de embaixador do Brasil em Washington.&nbsp;<\/p>\n\n\n\n<p>Na \u00faltima sexta-feira (26), o ministro das Rela\u00e7\u00f5es Exteriores, Ernesto Ara\u00fajo, confirmou que o Brasil enviou ao governo americano um pedido diplom\u00e1tico (agr\u00e9ment) como parte da oficializa\u00e7\u00e3o do filho do presidente no posto.<\/p>\n\n\n\n<p>O chanceler monstrou convic\u00e7\u00e3o de que a nomea\u00e7\u00e3o ser\u00e1 aceita pelos EUA.<\/p>\n","protected":false},"excerpt":{"rendered":"<p>presidente dos Estados Unidos, Donald Trump, afirmou nesta ter\u00e7a-feira (30), ter um &#8220;grande relacionamento&#8221; com o Brasil e com o presidente Jair Bolsonaro, a quem&hellip; <\/p>\n","protected":false},"author":1,"featured_media":107606,"comment_status":"closed","ping_status":"closed","sticky":false,"template":"","format":"standard","meta":{"sfsi_plus_gutenberg_text_before_share":"","sfsi_plus_gutenberg_show_text_before_share":"","sfsi_plus_gutenberg_icon_type":"","sfsi_plus_gutenberg_icon_alignemt":"","sfsi_plus_gutenburg_max_per_row":"","footnotes":""},"categories":[11],"tags":[],"class_list":["post-107605","post","type-post","status-publish","format-standard","has-post-thumbnail","hentry","category-politica"],"_links":{"self":[{"href":"https:\/\/www.caririemacao.com\/1\/wp-json\/wp\/v2\/posts\/107605","targetHints":{"allow":["GET"]}}],"collection":[{"href":"https:\/\/www.caririemacao.com\/1\/wp-json\/wp\/v2\/posts"}],"about":[{"href":"https:\/\/www.caririemacao.com\/1\/wp-json\/wp\/v2\/types\/post"}],"author":[{"embeddable":true,"href":"https:\/\/www.caririemacao.com\/1\/wp-json\/wp\/v2\/users\/1"}],"replies":[{"embeddable":true,"href":"https:\/\/www.caririemacao.com\/1\/wp-json\/wp\/v2\/comments?post=107605"}],"version-history":[{"count":1,"href":"https:\/\/www.caririemacao.com\/1\/wp-json\/wp\/v2\/posts\/107605\/revisions"}],"predecessor-version":[{"id":107607,"href":"https:\/\/www.caririemacao.com\/1\/wp-json\/wp\/v2\/posts\/107605\/revisions\/107607"}],"wp:featuredmedia":[{"embeddable":true,"href":"https:\/\/www.caririemacao.com\/1\/wp-json\/wp\/v2\/media\/107606"}],"wp:attachment":[{"href":"https:\/\/www.caririemacao.com\/1\/wp-json\/wp\/v2\/media?parent=107605"}],"wp:term":[{"taxonomy":"category","embeddable":true,"href":"https:\/\/www.caririemacao.com\/1\/wp-json\/wp\/v2\/categories?post=107605"},{"taxonomy":"post_tag","embeddable":true,"href":"https:\/\/www.caririemacao.com\/1\/wp-json\/wp\/v2\/tags?post=107605"}],"curies":[{"name":"wp","href":"https:\/\/api.w.org\/{rel}","templated":true}]}}