{"id":107611,"date":"2019-07-30T15:21:51","date_gmt":"2019-07-30T18:21:51","guid":{"rendered":"http:\/\/www.caririemacao.com\/1\/?p=107611"},"modified":"2019-07-30T15:21:51","modified_gmt":"2019-07-30T18:21:51","slug":"pergunta-para-as-vitimas-dos-que-morreram-la-o-que-eles-acham-diz-bolsonaro-sobre-massacre-em-presidio","status":"publish","type":"post","link":"https:\/\/www.caririemacao.com\/1\/2019\/07\/30\/pergunta-para-as-vitimas-dos-que-morreram-la-o-que-eles-acham-diz-bolsonaro-sobre-massacre-em-presidio\/","title":{"rendered":"&#8216;Pergunta para as v\u00edtimas dos que morreram l\u00e1 o que eles acham&#8217;, diz Bolsonaro sobre massacre em pres\u00eddio"},"content":{"rendered":"\n<p>&nbsp;presidente Jair Bolsonaro disse nesta ter\u00e7a-feira (30), em entrevista no Pal\u00e1cio da Alvorada, que os jornalistas perguntassem para as &#8220;v\u00edtimas dos que morreram&#8221; no massacre ocorrido no pres\u00eddio de Altamira, no Par\u00e1, o que eles acham sobre refor\u00e7ar a seguran\u00e7a no pres\u00eddio.<\/p>\n\n\n\n<p>Nessa segunda-feira (29), um confronto entre fac\u00e7\u00f5es criminosas dentro do Centro de Recupera\u00e7\u00e3o Regional de Altamira deixou 57 mortos.<\/p>\n\n\n\n<p>L\u00edderes do Comando Classe A (CCA) incendiaram cela onde estavam internos do Comando Vermelho (CV). De acordo com a Superintend\u00eancia do Sistema Penitenci\u00e1rio do Par\u00e1 (Susipe), 41 morreram asfixiados e 16 foram decapitados. A lista com o nome dos mortos foi divulgada nesta ter\u00e7a.<\/p>\n\n\n\n<p>&#8220;Pergunta para as v\u00edtimas dos que morreram l\u00e1 o que que eles acham. Depois que eles responderem, eu respondo voc\u00eas&#8221;, disse o presidente.<br>O presidente conversou com jornalistas na portaria do Pal\u00e1cio da Alvorada (resid\u00eancia oficial da Presid\u00eancia da Rep\u00fablica) ap\u00f3s reuni\u00e3o com o presidente da C\u00e2mara dos Deputados, Rodrigo Maia (DEM-RJ).<\/p>\n\n\n\n<p>CNJ aponta &#8216;p\u00e9ssimas condi\u00e7\u00f5es&#8217; em pres\u00eddio<br>Segundo relat\u00f3rio do Conselho Nacional de Justi\u00e7a (CNJ), o Centro de Recupera\u00e7\u00e3o Regional de Altamira est\u00e1 superlotado e em p\u00e9ssimas condi\u00e7\u00f5es. Nesta segunda, antes do confronto, o pres\u00eddio com capacidade m\u00e1xima de 200 internos registrava 311 custodiados.<\/p>\n\n\n\n<p>Este \u00e9 um dos maiores massacres em pres\u00eddios desde o ocorrido no Carandiru, em 1992. Na \u00e9poca, 111 detentos foram mortos na Casa de Deten\u00e7\u00e3o, na Zona Norte de S\u00e3o Paulo.<\/p>\n\n\n\n<p>Em maio deste ano, 55 presos foram mortos em dois dias de conflitos em cadeias do Amazonas.<\/p>\n","protected":false},"excerpt":{"rendered":"<p>&nbsp;presidente Jair Bolsonaro disse nesta ter\u00e7a-feira (30), em entrevista no Pal\u00e1cio da Alvorada, que os jornalistas perguntassem para as &#8220;v\u00edtimas dos que morreram&#8221; no massacre&hellip; <\/p>\n","protected":false},"author":1,"featured_media":107612,"comment_status":"closed","ping_status":"closed","sticky":false,"template":"","format":"standard","meta":{"sfsi_plus_gutenberg_text_before_share":"","sfsi_plus_gutenberg_show_text_before_share":"","sfsi_plus_gutenberg_icon_type":"","sfsi_plus_gutenberg_icon_alignemt":"","sfsi_plus_gutenburg_max_per_row":"","footnotes":""},"categories":[2],"tags":[],"class_list":["post-107611","post","type-post","status-publish","format-standard","has-post-thumbnail","hentry","category-geral"],"_links":{"self":[{"href":"https:\/\/www.caririemacao.com\/1\/wp-json\/wp\/v2\/posts\/107611","targetHints":{"allow":["GET"]}}],"collection":[{"href":"https:\/\/www.caririemacao.com\/1\/wp-json\/wp\/v2\/posts"}],"about":[{"href":"https:\/\/www.caririemacao.com\/1\/wp-json\/wp\/v2\/types\/post"}],"author":[{"embeddable":true,"href":"https:\/\/www.caririemacao.com\/1\/wp-json\/wp\/v2\/users\/1"}],"replies":[{"embeddable":true,"href":"https:\/\/www.caririemacao.com\/1\/wp-json\/wp\/v2\/comments?post=107611"}],"version-history":[{"count":1,"href":"https:\/\/www.caririemacao.com\/1\/wp-json\/wp\/v2\/posts\/107611\/revisions"}],"predecessor-version":[{"id":107613,"href":"https:\/\/www.caririemacao.com\/1\/wp-json\/wp\/v2\/posts\/107611\/revisions\/107613"}],"wp:featuredmedia":[{"embeddable":true,"href":"https:\/\/www.caririemacao.com\/1\/wp-json\/wp\/v2\/media\/107612"}],"wp:attachment":[{"href":"https:\/\/www.caririemacao.com\/1\/wp-json\/wp\/v2\/media?parent=107611"}],"wp:term":[{"taxonomy":"category","embeddable":true,"href":"https:\/\/www.caririemacao.com\/1\/wp-json\/wp\/v2\/categories?post=107611"},{"taxonomy":"post_tag","embeddable":true,"href":"https:\/\/www.caririemacao.com\/1\/wp-json\/wp\/v2\/tags?post=107611"}],"curies":[{"name":"wp","href":"https:\/\/api.w.org\/{rel}","templated":true}]}}