{"id":107632,"date":"2019-07-30T15:35:52","date_gmt":"2019-07-30T18:35:52","guid":{"rendered":"http:\/\/www.caririemacao.com\/1\/?p=107632"},"modified":"2019-07-30T15:35:52","modified_gmt":"2019-07-30T18:35:52","slug":"pais-e-alunos-nota-10-recebem-reconhecimento-nas-escolas-da-rede-municipal-de-monteiro","status":"publish","type":"post","link":"https:\/\/www.caririemacao.com\/1\/2019\/07\/30\/pais-e-alunos-nota-10-recebem-reconhecimento-nas-escolas-da-rede-municipal-de-monteiro\/","title":{"rendered":"Pais e Alunos Nota 10 recebem reconhecimento nas escolas da Rede Municipal de Monteiro"},"content":{"rendered":"\n<p>Colocando em pr\u00e1tica as atividades do Programa Aprender Pra Valer, a equipe da Secretaria de Educa\u00e7\u00e3o do munic\u00edpio de Monteiro realizou na \u00faltima semana a premia\u00e7\u00e3o de Pais e Alunos Nota 10.<br>O Programa Aprender Pra Valer tem por finalidade elevar o desempenho dos alunos do Ensino Fundamental I \u2013 do 1\u00ba ao 5\u00ba ano \u2013 visando \u00e0 evolu\u00e7\u00e3o do aluno de forma adequadas a cada s\u00e9rie\/ano. Todo este trabalho \u00e9 feito atrav\u00e9s da educa\u00e7\u00e3o profissional somada a tecnologia.<br><\/p>\n\n\n\n<figure class=\"wp-block-image\"><a href=\"http:\/\/caririligado.com.br\/wp-content\/themes\/cariri-ligado\/timthumb.php?src=http:\/\/caririligado.com.br\/wp-content\/uploads\/2019\/07\/AB85DDB2-46BD-437C-BA65-5397D7BCBE2B.jpeg&amp;w=547&amp;h=398&amp;zc=1\"><img decoding=\"async\" data-src=\"https:\/\/lh6.googleusercontent.com\/proxy\/7STMWZhRDq4HS40QM2__JQ0bYEw0k2zy9_J6Jz5w6qW0UC028pkBNOMjaKx3EjxrUKAzIIBMaTdTJHfQBAMi7H5b4mEopnCxeypRamvZ2Y1tu27f8V0Uw6MHRHcgVGbboNfVJwllA2llKn4TcVMAat2cZXWjKa3eCt-klS_pWRk0mBjIUM4N9EgFqFLOz7fUiYUHqvDAdc55UPKZFiNC2i8wlep3kEmHuNXvgb1mXw5PLp84zrUt5ElPLEBD6CVc9H0WZOX6FYDgZTYXyeqiek0=s0-d\" alt=\"Obras de pavimenta\u00c3\u00a7\u00c3\u00a3o seguem em ritmo acelerado em Monteiro\" src=\"data:image\/svg+xml;base64,PHN2ZyB3aWR0aD0iMSIgaGVpZ2h0PSIxIiB4bWxucz0iaHR0cDovL3d3dy53My5vcmcvMjAwMC9zdmciPjwvc3ZnPg==\" class=\"lazyload\" \/><\/a><\/figure>\n\n\n\n<p>No munic\u00edpio de Monteiro o Programa teve in\u00edcio neste ano, as premia\u00e7\u00f5es ocorrem ao final de cada bimestre e \u00e9 feita uma reuni\u00e3o com os pais e alunos para apresentar os resultados alcan\u00e7ados pelas crian\u00e7as de acordo com suas metas.&nbsp;<br>\u201c\u00c9 muito interessante perceber o interesse dos alunos. Motivados, eles buscam avan\u00e7ar sempre mais e todo o sucesso deles \u00e9 compartilhado com os pais, que t\u00eam papel fundamental neste processo, incentivando seus filhos. Este \u00e9 um trabalho conjunto desde os diretores das escolas, professores, supervisores e apoio\u201d, pontua a secret\u00e1ria de educa\u00e7\u00e3o, Ana Lima.<br>Nesta \u00faltima semana foram feitas as premia\u00e7\u00f5es em todas as escolas municipais, tanto pais quanto alunos receberam seus certificados. \u201cEntregamos os certificados com os cora\u00e7\u00f5es em festa, acompanhamos a evolu\u00e7\u00e3o de cada aluno. Eles se ajudam e assim este n\u00famero de premia\u00e7\u00f5es v\u00eam crescendo. Esperamos que ao final deste programa, possamos entregar os certificados a 100% dos alunos\u201d, acrescenta Ana Lima.<br>Para os pais de alunos, a iniciativa \u00e9 sem sombra de d\u00favidas mais uma a\u00e7\u00e3o de sucesso da administra\u00e7\u00e3o da prefeita Anna Lorena. \u201cTemos oferecido al\u00e9m das atividades em sala, aulas de refor\u00e7o para os alunos que ainda n\u00e3o conseguem acompanhar os coleguinhas. Os pais est\u00e3o muito satisfeitos, pois sabem que ao final de todo este trabalho seus filhos ter\u00e3o adquirido um dos bens mais preciosos: o verdadeiro conhecimento. E aprender de forma divertida \u00e9 muito melhor\u201d, finaliza a secret\u00e1ria de Educa\u00e7\u00e3o.<\/p>\n","protected":false},"excerpt":{"rendered":"<p>Colocando em pr\u00e1tica as atividades do Programa Aprender Pra Valer, a equipe da Secretaria de Educa\u00e7\u00e3o do munic\u00edpio de Monteiro realizou na \u00faltima semana a&hellip; <\/p>\n","protected":false},"author":1,"featured_media":39888,"comment_status":"closed","ping_status":"closed","sticky":false,"template":"","format":"standard","meta":{"sfsi_plus_gutenberg_text_before_share":"","sfsi_plus_gutenberg_show_text_before_share":"","sfsi_plus_gutenberg_icon_type":"","sfsi_plus_gutenberg_icon_alignemt":"","sfsi_plus_gutenburg_max_per_row":"","footnotes":""},"categories":[14],"tags":[],"class_list":["post-107632","post","type-post","status-publish","format-standard","has-post-thumbnail","hentry","category-educacao"],"_links":{"self":[{"href":"https:\/\/www.caririemacao.com\/1\/wp-json\/wp\/v2\/posts\/107632","targetHints":{"allow":["GET"]}}],"collection":[{"href":"https:\/\/www.caririemacao.com\/1\/wp-json\/wp\/v2\/posts"}],"about":[{"href":"https:\/\/www.caririemacao.com\/1\/wp-json\/wp\/v2\/types\/post"}],"author":[{"embeddable":true,"href":"https:\/\/www.caririemacao.com\/1\/wp-json\/wp\/v2\/users\/1"}],"replies":[{"embeddable":true,"href":"https:\/\/www.caririemacao.com\/1\/wp-json\/wp\/v2\/comments?post=107632"}],"version-history":[{"count":1,"href":"https:\/\/www.caririemacao.com\/1\/wp-json\/wp\/v2\/posts\/107632\/revisions"}],"predecessor-version":[{"id":107634,"href":"https:\/\/www.caririemacao.com\/1\/wp-json\/wp\/v2\/posts\/107632\/revisions\/107634"}],"wp:featuredmedia":[{"embeddable":true,"href":"https:\/\/www.caririemacao.com\/1\/wp-json\/wp\/v2\/media\/39888"}],"wp:attachment":[{"href":"https:\/\/www.caririemacao.com\/1\/wp-json\/wp\/v2\/media?parent=107632"}],"wp:term":[{"taxonomy":"category","embeddable":true,"href":"https:\/\/www.caririemacao.com\/1\/wp-json\/wp\/v2\/categories?post=107632"},{"taxonomy":"post_tag","embeddable":true,"href":"https:\/\/www.caririemacao.com\/1\/wp-json\/wp\/v2\/tags?post=107632"}],"curies":[{"name":"wp","href":"https:\/\/api.w.org\/{rel}","templated":true}]}}