{"id":107650,"date":"2019-07-30T16:06:28","date_gmt":"2019-07-30T19:06:28","guid":{"rendered":"http:\/\/www.caririemacao.com\/1\/?p=107650"},"modified":"2019-07-30T16:06:28","modified_gmt":"2019-07-30T19:06:28","slug":"prefeitura-de-sume-oferta-240-mamografias-para-mulheres-do-municipio","status":"publish","type":"post","link":"https:\/\/www.caririemacao.com\/1\/2019\/07\/30\/prefeitura-de-sume-oferta-240-mamografias-para-mulheres-do-municipio\/","title":{"rendered":"Prefeitura de Sum\u00e9 oferta 240 mamografias para mulheres do munic\u00edpio"},"content":{"rendered":"\n<figure class=\"wp-block-image\"><img decoding=\"async\" data-src=\"https:\/\/lh6.googleusercontent.com\/proxy\/9Df1PuCJAoXU2rJXgmq-A5nLfriUyqn0fZ7t91pJTaR9DNtw7KhuM1TyRNebQetzMgYfRq2PuGJ5UuPE3V8JH3oa3w6thF4zr1GbgFqO607v4Kn-vTeNDodqo9_xmvd8cXKC8Uh6S-k_7L7pY_zvh6aQ5g=s0-d\" alt=\"\" src=\"data:image\/svg+xml;base64,PHN2ZyB3aWR0aD0iMSIgaGVpZ2h0PSIxIiB4bWxucz0iaHR0cDovL3d3dy53My5vcmcvMjAwMC9zdmciPjwvc3ZnPg==\" class=\"lazyload\" \/><\/figure>\n\n\n\n<p>O Caminh\u00e3o Amigo do Peito esteve nos dias 22, 23 e 24 de julho em Sum\u00e9 para a realiza\u00e7\u00e3o de exames de mamografia.<br>Foram ofertados 240 exames de mamografia para mulheres na faixa et\u00e1ria de 40 a 69 anos.<br>A gest\u00e3o do munic\u00edpio tem tido um olhar diferenciado nas a\u00e7\u00f5es que visam a sa\u00fade das mulheres, ofertando servi\u00e7os de preven\u00e7\u00e3o durante todo o ano e se preocupando com a detec\u00e7\u00e3o precoce de poss\u00edveis problemas. A mamografia \u00e9 a melhor forma de descobrir o c\u00e2ncer de mama antes que seja detect\u00e1vel pelo exame cl\u00ednico.<br>O Caminh\u00e3o Amigo do Peito \u00e9 uma unidade m\u00f3vel dotada de equipamentos modernos que realiza exames de mamografia, visando garantir rapidez e qualidade no acesso ao exame, conscientizando as mulheres quanto \u00e0 import\u00e2ncia do diagn\u00f3stico precoce.<\/p>\n\n\n\n<p>Ascom-PMS<\/p>\n","protected":false},"excerpt":{"rendered":"<p>O Caminh\u00e3o Amigo do Peito esteve nos dias 22, 23 e 24 de julho em Sum\u00e9 para a realiza\u00e7\u00e3o de exames de mamografia.Foram ofertados 240&hellip; <\/p>\n","protected":false},"author":1,"featured_media":89532,"comment_status":"closed","ping_status":"closed","sticky":false,"template":"","format":"standard","meta":{"sfsi_plus_gutenberg_text_before_share":"","sfsi_plus_gutenberg_show_text_before_share":"","sfsi_plus_gutenberg_icon_type":"","sfsi_plus_gutenberg_icon_alignemt":"","sfsi_plus_gutenburg_max_per_row":"","footnotes":""},"categories":[16],"tags":[],"class_list":["post-107650","post","type-post","status-publish","format-standard","has-post-thumbnail","hentry","category-saude"],"_links":{"self":[{"href":"https:\/\/www.caririemacao.com\/1\/wp-json\/wp\/v2\/posts\/107650","targetHints":{"allow":["GET"]}}],"collection":[{"href":"https:\/\/www.caririemacao.com\/1\/wp-json\/wp\/v2\/posts"}],"about":[{"href":"https:\/\/www.caririemacao.com\/1\/wp-json\/wp\/v2\/types\/post"}],"author":[{"embeddable":true,"href":"https:\/\/www.caririemacao.com\/1\/wp-json\/wp\/v2\/users\/1"}],"replies":[{"embeddable":true,"href":"https:\/\/www.caririemacao.com\/1\/wp-json\/wp\/v2\/comments?post=107650"}],"version-history":[{"count":1,"href":"https:\/\/www.caririemacao.com\/1\/wp-json\/wp\/v2\/posts\/107650\/revisions"}],"predecessor-version":[{"id":107651,"href":"https:\/\/www.caririemacao.com\/1\/wp-json\/wp\/v2\/posts\/107650\/revisions\/107651"}],"wp:featuredmedia":[{"embeddable":true,"href":"https:\/\/www.caririemacao.com\/1\/wp-json\/wp\/v2\/media\/89532"}],"wp:attachment":[{"href":"https:\/\/www.caririemacao.com\/1\/wp-json\/wp\/v2\/media?parent=107650"}],"wp:term":[{"taxonomy":"category","embeddable":true,"href":"https:\/\/www.caririemacao.com\/1\/wp-json\/wp\/v2\/categories?post=107650"},{"taxonomy":"post_tag","embeddable":true,"href":"https:\/\/www.caririemacao.com\/1\/wp-json\/wp\/v2\/tags?post=107650"}],"curies":[{"name":"wp","href":"https:\/\/api.w.org\/{rel}","templated":true}]}}