{"id":107657,"date":"2019-07-30T16:09:05","date_gmt":"2019-07-30T19:09:05","guid":{"rendered":"http:\/\/www.caririemacao.com\/1\/?p=107657"},"modified":"2019-07-30T16:09:05","modified_gmt":"2019-07-30T19:09:05","slug":"com-apoio-total-da-prefeitura-sao-sebastiao-do-umbuzeiro-realiza-4a-trilha-100-destino-e-reune-centenas-de-paticipantes","status":"publish","type":"post","link":"https:\/\/www.caririemacao.com\/1\/2019\/07\/30\/com-apoio-total-da-prefeitura-sao-sebastiao-do-umbuzeiro-realiza-4a-trilha-100-destino-e-reune-centenas-de-paticipantes\/","title":{"rendered":"Com apoio total da prefeitura, S\u00e3o Sebasti\u00e3o do Umbuzeiro realiza 4\u00aa Trilha 100 Destino e re\u00fane centenas de paticipantes"},"content":{"rendered":"\n<figure class=\"wp-block-image\"><img decoding=\"async\" data-src=\"https:\/\/lh6.googleusercontent.com\/proxy\/RXwGgUa57RFAVue0DYdXA9lHmqNC1PYYdnULTCAo1gV3UQxWMRvH6QvHwHkcQbes0gNeZHQVuL2VcvUJOlzedS3ZFOETpWT9zTl9utpocWtz4-_IihO-cw_3TGCauEs=s0-d\" alt=\"\" src=\"data:image\/svg+xml;base64,PHN2ZyB3aWR0aD0iMSIgaGVpZ2h0PSIxIiB4bWxucz0iaHR0cDovL3d3dy53My5vcmcvMjAwMC9zdmciPjwvc3ZnPg==\" class=\"lazyload\" \/><\/figure>\n\n\n\n<p>Foi realizada neste domingo (28), em S\u00e3o Sebasti\u00e3o do Umbuzeiro, a 4\u00aa Trilha 100 Destino, que contou com a participa\u00e7\u00e3o de trilheiros do munic\u00edpio e de v\u00e1rias cidades de Pernambuco, Para\u00edba entre outras.<br>A organiza\u00e7\u00e3o foi de Wilton, Jobinho e fam\u00edlias, e teve o apoio da Prefeitura Municipal na pessoa do Prefeito Adriano Wolff.<br>A 4\u00aa Trilha foi um sucesso, onde o objetivo foi levar o entretenimento e respirar novos ares, experimentar uma adrenalina que s\u00f3 quem participa sabe do bem que faz.&nbsp;&nbsp;A festa foi animada pelo Pared\u00e3o da Uva na Pra\u00e7a de Eventos.<br>Na oportunidade o prefeito Adriano Wolff, agradeceu aos organizadores e o sucesso do evento. \u201cEm nome do vice-prefeito Chico de Mariano, de todos os vereadores, secret\u00e1rios e todos os funcion\u00e1rios p\u00fablicos.&nbsp;<br>&#8220;Quero agradecer a participa\u00e7\u00e3o de todos que aqui est\u00e3o presentes, S\u00e3o Sebasti\u00e3o do Umbuzeiro, \u00e9 conhecida pelos grandes eventos, e esse sem d\u00favida foi um sucesso, obrigado a todos\u201d, enfatizou o prefeito.<br>Os organizadores do Evento Jobinho e Wilton, agradeceram a participa\u00e7\u00e3o de todos e prometeu que no pr\u00f3ximo ano tem a 5\u00aa Trilha 100 Destino.<\/p>\n","protected":false},"excerpt":{"rendered":"<p>Foi realizada neste domingo (28), em S\u00e3o Sebasti\u00e3o do Umbuzeiro, a 4\u00aa Trilha 100 Destino, que contou com a participa\u00e7\u00e3o de trilheiros do munic\u00edpio e&hellip; <\/p>\n","protected":false},"author":1,"featured_media":25950,"comment_status":"closed","ping_status":"closed","sticky":false,"template":"","format":"standard","meta":{"sfsi_plus_gutenberg_text_before_share":"","sfsi_plus_gutenberg_show_text_before_share":"","sfsi_plus_gutenberg_icon_type":"","sfsi_plus_gutenberg_icon_alignemt":"","sfsi_plus_gutenburg_max_per_row":"","footnotes":""},"categories":[2],"tags":[],"class_list":["post-107657","post","type-post","status-publish","format-standard","has-post-thumbnail","hentry","category-geral"],"_links":{"self":[{"href":"https:\/\/www.caririemacao.com\/1\/wp-json\/wp\/v2\/posts\/107657","targetHints":{"allow":["GET"]}}],"collection":[{"href":"https:\/\/www.caririemacao.com\/1\/wp-json\/wp\/v2\/posts"}],"about":[{"href":"https:\/\/www.caririemacao.com\/1\/wp-json\/wp\/v2\/types\/post"}],"author":[{"embeddable":true,"href":"https:\/\/www.caririemacao.com\/1\/wp-json\/wp\/v2\/users\/1"}],"replies":[{"embeddable":true,"href":"https:\/\/www.caririemacao.com\/1\/wp-json\/wp\/v2\/comments?post=107657"}],"version-history":[{"count":1,"href":"https:\/\/www.caririemacao.com\/1\/wp-json\/wp\/v2\/posts\/107657\/revisions"}],"predecessor-version":[{"id":107658,"href":"https:\/\/www.caririemacao.com\/1\/wp-json\/wp\/v2\/posts\/107657\/revisions\/107658"}],"wp:featuredmedia":[{"embeddable":true,"href":"https:\/\/www.caririemacao.com\/1\/wp-json\/wp\/v2\/media\/25950"}],"wp:attachment":[{"href":"https:\/\/www.caririemacao.com\/1\/wp-json\/wp\/v2\/media?parent=107657"}],"wp:term":[{"taxonomy":"category","embeddable":true,"href":"https:\/\/www.caririemacao.com\/1\/wp-json\/wp\/v2\/categories?post=107657"},{"taxonomy":"post_tag","embeddable":true,"href":"https:\/\/www.caririemacao.com\/1\/wp-json\/wp\/v2\/tags?post=107657"}],"curies":[{"name":"wp","href":"https:\/\/api.w.org\/{rel}","templated":true}]}}