{"id":107663,"date":"2019-07-30T16:12:53","date_gmt":"2019-07-30T19:12:53","guid":{"rendered":"http:\/\/www.caririemacao.com\/1\/?p=107663"},"modified":"2019-07-30T16:12:53","modified_gmt":"2019-07-30T19:12:53","slug":"nao-podemos-ser-generosos-com-estrangeiros-criminosos-diz-moro","status":"publish","type":"post","link":"https:\/\/www.caririemacao.com\/1\/2019\/07\/30\/nao-podemos-ser-generosos-com-estrangeiros-criminosos-diz-moro\/","title":{"rendered":"N\u00e3o podemos ser \u201cgenerosos\u201d com estrangeiros criminosos, diz Moro"},"content":{"rendered":"\n<p>O ministro da Justi\u00e7a e Seguran\u00e7a P\u00fablica, Sergio Moro, defendeu hoje (30), a&nbsp;<a href=\"http:\/\/www.in.gov.br\/en\/web\/dou\/-\/portaria-n-666-de-25-de-julho-de-2019-207244569\" target=\"_blank\" rel=\"noreferrer noopener\">Portaria 666<\/a>, publicada em 26 de julho,&nbsp;<a href=\"http:\/\/agenciabrasil.ebc.com.br\/geral\/noticia\/2019-07\/governo-publica-novas-regras-para-deportacao-de-estran\" target=\"_blank\" rel=\"noreferrer noopener\">em que regulamenta a deporta\u00e7\u00e3o sum\u00e1ria de estrangeiros<\/a>&nbsp;considerados perigosos, afirmando que os brasileiros n\u00e3o podem ser \u201cgenerosos com criminosos\u201d.<\/p>\n\n\n\n<p>Moro destacou que o pa\u00eds \u00e9 formado, em grande parte, por migrantes das mais diversas partes do mundo, mas que \u201cpodemos ser generosos com a imigra\u00e7\u00e3o, generosos com estrangeiros, mas n\u00e3o devemos ser generosos com criminosos\u201d.<\/p>\n\n\n\n<p>A declara\u00e7\u00e3o foi feita durante solenidade no minist\u00e9rio para marcar o Dia Internacional de Combate ao Tr\u00e1fico de Pessoas, lembrado nesta ter\u00e7a-feira (30).<\/p>\n\n\n\n<figure class=\"wp-block-image\"><img decoding=\"async\" data-src=\"http:\/\/imagens.ebc.com.br\/l2NGzoUkJ58_NaY0uza4nXdHvww=\/463x0\/smart\/http:\/\/agenciabrasil.ebc.com.br\/sites\/default\/files\/thumbnails\/image\/fcpzzb_abr_020720195120.jpg?itok=VNrfYi7u\" alt=\"O ministro da Justi\u00e7a e Seguran\u00e7a P\u00fablica, Sergio Moro, durante audi\u00eancia p\u00fablica na Comiss\u00e3o de Constitui\u00e7\u00e3o e Justi\u00e7a (CCJ) da C\u00e2mara dos Deputados.\" src=\"data:image\/svg+xml;base64,PHN2ZyB3aWR0aD0iMSIgaGVpZ2h0PSIxIiB4bWxucz0iaHR0cDovL3d3dy53My5vcmcvMjAwMC9zdmciPjwvc3ZnPg==\" class=\"lazyload\" \/><\/figure>\n\n\n\n<h6 class=\"wp-block-heading\">O ministro da Justi\u00e7a e Seguran\u00e7a P\u00fablica, Sergio Moro, defendeu a portaria que estabelece deporta\u00e7\u00e3o sum\u00e1ria de estrangeiros &#8211; Arquivo\/Ag\u00eancia Brasil<br><\/h6>\n\n\n\n<p>\u201cA portaria n\u00e3o muda o feitio generoso de nossa lei de imigra\u00e7\u00e3o, mas visa vedar o ingresso no Brasil de estrangeiros suspeitos da pr\u00e1tica de crimes extremamente graves, entre eles terrorismo e o crime de tr\u00e1fico de pessoas\u201d, disse Moro.<\/p>\n\n\n\n<p>Pela manh\u00e3, ele tamb\u00e9m comentou a portaria, que, em seu entender, veio preencher lacunas ao regular uma legisla\u00e7\u00e3o que \u201cestava um tanto quanto falha\u201d.<\/p>\n\n\n\n<p>\u201cNenhum pa\u00eds do mundo, tendo o conhecimento de que, por exemplo, t\u00e1 vindo pessoas suspeitas de envolvimentos em condutas criminais graves, como terrorismo, crime organizado armado, tr\u00e1fico de drogas, de pessoas ou de armas, ou explora\u00e7\u00e3o sexual de crian\u00e7as ou adolescentes, nenhum pa\u00eds permite\u201d, disse o ministro.<\/p>\n\n\n\n<h2 class=\"wp-block-heading\">Deporta\u00e7\u00e3o sum\u00e1ria<\/h2>\n\n\n\n<p>A Portaria 666 estabelece que pessoas consideradas perigosas \u201cou que tenham praticado ato contr\u00e1rio aos princ\u00edpios e objetivos dispostos na Constitui\u00e7\u00e3o Federal\u201d poder\u00e3o ser deportadas sumariamente ou ter seu visto de perman\u00eancia no Brasil reduzido ou cancelado.<\/p>\n\n\n\n<p>O texto da norma lista entre \u201cpessoas perigosas\u201d os estrangeiros suspeitos de envolvimento com terrorismo; grupo criminoso ou associa\u00e7\u00e3o criminosa armada; tr\u00e1fico de drogas, pessoas ou armas de fogo; divulga\u00e7\u00e3o de pornografia ou explora\u00e7\u00e3o sexual infanto-juvenil ou envolvimento com torcidas com hist\u00f3rico de viol\u00eancia em est\u00e1dios.<\/p>\n\n\n\n<h2 class=\"wp-block-heading\">Jornalista<\/h2>\n\n\n\n<p>Quando da publica\u00e7\u00e3o da portaria, levantou-se a preocupa\u00e7\u00e3o de que tivesse como objetivo velado retaliar o jornalista norte-americano Glenn Greenwald, do The Intercept Brasil, que mora no pa\u00eds, e desde o m\u00eas passado tem publicado mensagens trocadas entre o ministro Sergio Moro e o coordenador da Opera\u00e7\u00e3o Lava Jato no Paran\u00e1, procurador Deltan Dallagnol.<\/p>\n\n\n\n<p>No s\u00e1bado (27), o presidente&nbsp;<a href=\"http:\/\/agenciabrasil.ebc.com.br\/politica\/noticia\/2019-07\/bolsonaro-diz-que-jornalista-nao-precisa-se-preocupar-com-deportacao\" target=\"_blank\" rel=\"noreferrer noopener\">Jair Bolsonaro negou qualquer inten\u00e7\u00e3o nesse sentido<\/a>. Ele afirmou que o jornalista \u201cn\u00e3o se encaixa na portaria\u201d.<\/p>\n","protected":false},"excerpt":{"rendered":"<p>O ministro da Justi\u00e7a e Seguran\u00e7a P\u00fablica, Sergio Moro, defendeu hoje (30), a&nbsp;Portaria 666, publicada em 26 de julho,&nbsp;em que regulamenta a deporta\u00e7\u00e3o sum\u00e1ria de&hellip; <\/p>\n","protected":false},"author":1,"featured_media":99262,"comment_status":"closed","ping_status":"closed","sticky":false,"template":"","format":"standard","meta":{"sfsi_plus_gutenberg_text_before_share":"","sfsi_plus_gutenberg_show_text_before_share":"","sfsi_plus_gutenberg_icon_type":"","sfsi_plus_gutenberg_icon_alignemt":"","sfsi_plus_gutenburg_max_per_row":"","footnotes":""},"categories":[11],"tags":[],"class_list":["post-107663","post","type-post","status-publish","format-standard","has-post-thumbnail","hentry","category-politica"],"_links":{"self":[{"href":"https:\/\/www.caririemacao.com\/1\/wp-json\/wp\/v2\/posts\/107663","targetHints":{"allow":["GET"]}}],"collection":[{"href":"https:\/\/www.caririemacao.com\/1\/wp-json\/wp\/v2\/posts"}],"about":[{"href":"https:\/\/www.caririemacao.com\/1\/wp-json\/wp\/v2\/types\/post"}],"author":[{"embeddable":true,"href":"https:\/\/www.caririemacao.com\/1\/wp-json\/wp\/v2\/users\/1"}],"replies":[{"embeddable":true,"href":"https:\/\/www.caririemacao.com\/1\/wp-json\/wp\/v2\/comments?post=107663"}],"version-history":[{"count":1,"href":"https:\/\/www.caririemacao.com\/1\/wp-json\/wp\/v2\/posts\/107663\/revisions"}],"predecessor-version":[{"id":107664,"href":"https:\/\/www.caririemacao.com\/1\/wp-json\/wp\/v2\/posts\/107663\/revisions\/107664"}],"wp:featuredmedia":[{"embeddable":true,"href":"https:\/\/www.caririemacao.com\/1\/wp-json\/wp\/v2\/media\/99262"}],"wp:attachment":[{"href":"https:\/\/www.caririemacao.com\/1\/wp-json\/wp\/v2\/media?parent=107663"}],"wp:term":[{"taxonomy":"category","embeddable":true,"href":"https:\/\/www.caririemacao.com\/1\/wp-json\/wp\/v2\/categories?post=107663"},{"taxonomy":"post_tag","embeddable":true,"href":"https:\/\/www.caririemacao.com\/1\/wp-json\/wp\/v2\/tags?post=107663"}],"curies":[{"name":"wp","href":"https:\/\/api.w.org\/{rel}","templated":true}]}}