{"id":107669,"date":"2019-07-30T16:22:07","date_gmt":"2019-07-30T19:22:07","guid":{"rendered":"http:\/\/www.caririemacao.com\/1\/?p=107669"},"modified":"2019-07-30T16:22:07","modified_gmt":"2019-07-30T19:22:07","slug":"governo-retoma-reunioes-com-caminhoneiros-e-transportadoras","status":"publish","type":"post","link":"https:\/\/www.caririemacao.com\/1\/2019\/07\/30\/governo-retoma-reunioes-com-caminhoneiros-e-transportadoras\/","title":{"rendered":"Governo retoma reuni\u00f5es com caminhoneiros e transportadoras"},"content":{"rendered":"\n<p>&nbsp;governo federal retomou hoje (30) as reuni\u00f5es com caminhoneiros, transportadoras e embarcadores para tentar um acordo em torno da&nbsp;<a href=\"http:\/\/pesquisa.in.gov.br\/imprensa\/jsp\/visualiza\/index.jsp?data=24\/04\/2019&amp;jornal=515&amp;pagina=35&amp;totalArquivos=75\" target=\"_blank\" rel=\"noreferrer noopener\">tabela de frete m\u00ednimo<\/a>&nbsp;de transporte de carga rodovi\u00e1rio. A decis\u00e3o de continuar as tratativas, para evitar uma poss\u00edvel paralisa\u00e7\u00e3o dos caminhoneiros, foi anunciada, na semana passada, pelo ministro da Infraestrutura, Tarc\u00edsio Gomes de Freitas. Essa nova rodada de reuni\u00f5es deve acontecer at\u00e9 amanh\u00e3 (31) e a expectativa do governo \u00e9 que um acordo seja fechado at\u00e9 o final desta semana.<\/p>\n\n\n\n<p>De acordo com a assessoria do Minist\u00e9rio da Infraestrutura, as reuni\u00f5es v\u00e3o ocorrer o dia inteiro, a portas fechadas. Na quarta-feira (24), o ministro disse que a proposta que est\u00e1 na mesa envolve a realiza\u00e7\u00e3o de &#8220;acordos coletivos&#8221; entre a categoria e transportadoras e embarcadores para resolver uma das principais reivindica\u00e7\u00f5es dos caminhoneiros, um ajuste no piso m\u00ednimo de frete de transporte rodovi\u00e1rio de cargas para prever a possibilidade de lucro para os caminhoneiros aut\u00f4nomos.<\/p>\n\n\n\n<p>Segundo os caminhoneiros, a&nbsp;<a href=\"http:\/\/agenciabrasil.ebc.com.br\/economia\/noticia\/2019-07\/antt-suspende-resolucao-com-novas-regras-para-calculo-de-frete-minimo\" target=\"_blank\" rel=\"noreferrer noopener\">resolu\u00e7\u00e3o da Ag\u00eancia Nacional de Transportes Terrestres (ANTT), suspensa no dia 22 de maio<\/a>, s\u00f3 trazia a previs\u00e3o do custo m\u00ednimo para o frete, deixando de fora a remunera\u00e7\u00e3o do caminhoneiro aut\u00f4nomo pela carga transportada. A resolu\u00e7\u00e3o suspensa determinava que o c\u00e1lculo do piso m\u00ednimo passaria a considerar 11 categorias na metodologia.<\/p>\n\n\n\n<p>De acordo com o ministro, os acordos devem ser fechados com cada um dos segmentos, inclusive para resolver demandas pontuais de cada um deles. A proposta de consenso tamb\u00e9m prev\u00ea a revis\u00e3o dos custos m\u00ednimos da tabela a cada seis meses e que os acordos tenham periodicidade de um ano.<\/p>\n\n\n\n<p>A ideia \u00e9 fazer uma esp\u00e9cie de acordo coletivo entre cada uma das 11 categorias com os segmentos de embarcadores e transportadoras. Pela proposta em negocia\u00e7\u00e3o, alguns itens seriam revistos na tabela para incluir custos, que de acordo com os caminhoneiros n\u00e3o foram considerados. Na outra ponta, os representantes dos segmentos fariam um acordo sobre o percentual de remunera\u00e7\u00e3o a ser aplicado no c\u00e1lculo do frete.<\/p>\n","protected":false},"excerpt":{"rendered":"<p>&nbsp;governo federal retomou hoje (30) as reuni\u00f5es com caminhoneiros, transportadoras e embarcadores para tentar um acordo em torno da&nbsp;tabela de frete m\u00ednimo&nbsp;de transporte de carga&hellip; <\/p>\n","protected":false},"author":1,"featured_media":52158,"comment_status":"closed","ping_status":"closed","sticky":false,"template":"","format":"standard","meta":{"sfsi_plus_gutenberg_text_before_share":"","sfsi_plus_gutenberg_show_text_before_share":"","sfsi_plus_gutenberg_icon_type":"","sfsi_plus_gutenberg_icon_alignemt":"","sfsi_plus_gutenburg_max_per_row":"","footnotes":""},"categories":[11],"tags":[],"class_list":["post-107669","post","type-post","status-publish","format-standard","has-post-thumbnail","hentry","category-politica"],"_links":{"self":[{"href":"https:\/\/www.caririemacao.com\/1\/wp-json\/wp\/v2\/posts\/107669","targetHints":{"allow":["GET"]}}],"collection":[{"href":"https:\/\/www.caririemacao.com\/1\/wp-json\/wp\/v2\/posts"}],"about":[{"href":"https:\/\/www.caririemacao.com\/1\/wp-json\/wp\/v2\/types\/post"}],"author":[{"embeddable":true,"href":"https:\/\/www.caririemacao.com\/1\/wp-json\/wp\/v2\/users\/1"}],"replies":[{"embeddable":true,"href":"https:\/\/www.caririemacao.com\/1\/wp-json\/wp\/v2\/comments?post=107669"}],"version-history":[{"count":1,"href":"https:\/\/www.caririemacao.com\/1\/wp-json\/wp\/v2\/posts\/107669\/revisions"}],"predecessor-version":[{"id":107670,"href":"https:\/\/www.caririemacao.com\/1\/wp-json\/wp\/v2\/posts\/107669\/revisions\/107670"}],"wp:featuredmedia":[{"embeddable":true,"href":"https:\/\/www.caririemacao.com\/1\/wp-json\/wp\/v2\/media\/52158"}],"wp:attachment":[{"href":"https:\/\/www.caririemacao.com\/1\/wp-json\/wp\/v2\/media?parent=107669"}],"wp:term":[{"taxonomy":"category","embeddable":true,"href":"https:\/\/www.caririemacao.com\/1\/wp-json\/wp\/v2\/categories?post=107669"},{"taxonomy":"post_tag","embeddable":true,"href":"https:\/\/www.caririemacao.com\/1\/wp-json\/wp\/v2\/tags?post=107669"}],"curies":[{"name":"wp","href":"https:\/\/api.w.org\/{rel}","templated":true}]}}