{"id":107680,"date":"2019-07-31T11:22:17","date_gmt":"2019-07-31T14:22:17","guid":{"rendered":"http:\/\/www.caririemacao.com\/1\/?p=107680"},"modified":"2019-07-31T11:22:17","modified_gmt":"2019-07-31T14:22:17","slug":"secretaria-de-agricultura-de-monteiro-realiza-recuperacoes-de-estradas-e-servico-de-silagem","status":"publish","type":"post","link":"https:\/\/www.caririemacao.com\/1\/2019\/07\/31\/secretaria-de-agricultura-de-monteiro-realiza-recuperacoes-de-estradas-e-servico-de-silagem\/","title":{"rendered":"Secretaria de agricultura de Monteiro realiza recupera\u00e7\u00f5es de estradas e servi\u00e7o de silagem"},"content":{"rendered":"\n<p>A secretaria de agricultura de Monteiro realizou mais a\u00e7\u00f5es j\u00e1 neste in\u00edcio de semana, na zona rural do munic\u00edpio.<br>A equipe esteve na comunidade do S\u00edtio Tamandu\u00e1 realizando um servi\u00e7o de silagem de 03 hectares de capim na propriedade do produtor rural conhecido como Juvenal.<br>A equipe da secretaria tamb\u00e9m est\u00e1 realizando servi\u00e7os de manuten\u00e7\u00e3o de estradas, \u00e0 exemplo das estradas do S\u00edtio Queimadas, atendendo um pleito do vereador Nem de J\u00falia.<br>\u201cOutras recupera\u00e7\u00f5es e manuten\u00e7\u00f5es de estradas tamb\u00e9m j\u00e1 est\u00e3o programadas, e assim vamos seguindo nosso cronograma, de obras sem parar por determina\u00e7\u00e3o da prefeita Anna Lorena e para melhor atender nossa popula\u00e7\u00e3o, disse o secret\u00e1rio de agricultura Alfredo Viana.<br><strong>FABIO BRITO<\/strong><\/p>\n","protected":false},"excerpt":{"rendered":"<p>A secretaria de agricultura de Monteiro realizou mais a\u00e7\u00f5es j\u00e1 neste in\u00edcio de semana, na zona rural do munic\u00edpio.A equipe esteve na comunidade do S\u00edtio&hellip; <\/p>\n","protected":false},"author":1,"featured_media":57841,"comment_status":"closed","ping_status":"closed","sticky":false,"template":"","format":"standard","meta":{"sfsi_plus_gutenberg_text_before_share":"","sfsi_plus_gutenberg_show_text_before_share":"","sfsi_plus_gutenberg_icon_type":"","sfsi_plus_gutenberg_icon_alignemt":"","sfsi_plus_gutenburg_max_per_row":"","footnotes":""},"categories":[6,50],"tags":[],"class_list":["post-107680","post","type-post","status-publish","format-standard","has-post-thumbnail","hentry","category-cidades","category-destaque"],"_links":{"self":[{"href":"https:\/\/www.caririemacao.com\/1\/wp-json\/wp\/v2\/posts\/107680","targetHints":{"allow":["GET"]}}],"collection":[{"href":"https:\/\/www.caririemacao.com\/1\/wp-json\/wp\/v2\/posts"}],"about":[{"href":"https:\/\/www.caririemacao.com\/1\/wp-json\/wp\/v2\/types\/post"}],"author":[{"embeddable":true,"href":"https:\/\/www.caririemacao.com\/1\/wp-json\/wp\/v2\/users\/1"}],"replies":[{"embeddable":true,"href":"https:\/\/www.caririemacao.com\/1\/wp-json\/wp\/v2\/comments?post=107680"}],"version-history":[{"count":1,"href":"https:\/\/www.caririemacao.com\/1\/wp-json\/wp\/v2\/posts\/107680\/revisions"}],"predecessor-version":[{"id":107682,"href":"https:\/\/www.caririemacao.com\/1\/wp-json\/wp\/v2\/posts\/107680\/revisions\/107682"}],"wp:featuredmedia":[{"embeddable":true,"href":"https:\/\/www.caririemacao.com\/1\/wp-json\/wp\/v2\/media\/57841"}],"wp:attachment":[{"href":"https:\/\/www.caririemacao.com\/1\/wp-json\/wp\/v2\/media?parent=107680"}],"wp:term":[{"taxonomy":"category","embeddable":true,"href":"https:\/\/www.caririemacao.com\/1\/wp-json\/wp\/v2\/categories?post=107680"},{"taxonomy":"post_tag","embeddable":true,"href":"https:\/\/www.caririemacao.com\/1\/wp-json\/wp\/v2\/tags?post=107680"}],"curies":[{"name":"wp","href":"https:\/\/api.w.org\/{rel}","templated":true}]}}