{"id":107685,"date":"2019-07-31T11:23:27","date_gmt":"2019-07-31T14:23:27","guid":{"rendered":"http:\/\/www.caririemacao.com\/1\/?p=107685"},"modified":"2019-07-31T11:23:27","modified_gmt":"2019-07-31T14:23:27","slug":"camera-de-seguranca-registra-assalto-a-pizzaria-em-monteiro-nesta-terca-feira","status":"publish","type":"post","link":"https:\/\/www.caririemacao.com\/1\/2019\/07\/31\/camera-de-seguranca-registra-assalto-a-pizzaria-em-monteiro-nesta-terca-feira\/","title":{"rendered":"C\u00e2mera de seguran\u00e7a registra assalto a pizzaria em Monteiro nesta ter\u00e7a feira"},"content":{"rendered":"\n<p>Uma pizzaria localizada na Rua Sizenando Rafael, em Monteiro, foi assaltada no final da noite desta ter\u00e7a-feira (30).<br>Conforme imagens de uma c\u00e2mera de seguran\u00e7a, um homem armado chegou ao local e rendeu os funcion\u00e1rios, subtraindo aparelhos celulares. Nenhuma quantia em dinheiro foi levada.<br>A Pol\u00edcia foi acionada e est\u00e1 realizando dilig\u00eancias na tentativa de capturar o suspeito.&nbsp;<br><strong>VEJA O V\u00cdDEO<\/strong><\/p>\n\n\n\n<p><\/p>\n\n\n\n<figure><iframe allowfullscreen=\"\" height=\"210\" data-src=\"https:\/\/www.youtube.com\/embed\/j_EG9_RGuEI\" width=\"280\" src=\"data:image\/svg+xml;base64,PHN2ZyB3aWR0aD0iMSIgaGVpZ2h0PSIxIiB4bWxucz0iaHR0cDovL3d3dy53My5vcmcvMjAwMC9zdmciPjwvc3ZnPg==\" class=\"lazyload\" data-load-mode=\"1\"><\/iframe><\/figure>\n","protected":false},"excerpt":{"rendered":"<p>Uma pizzaria localizada na Rua Sizenando Rafael, em Monteiro, foi assaltada no final da noite desta ter\u00e7a-feira (30).Conforme imagens de uma c\u00e2mera de seguran\u00e7a, um&hellip; <\/p>\n","protected":false},"author":1,"featured_media":107686,"comment_status":"closed","ping_status":"closed","sticky":false,"template":"","format":"standard","meta":{"sfsi_plus_gutenberg_text_before_share":"","sfsi_plus_gutenberg_show_text_before_share":"","sfsi_plus_gutenberg_icon_type":"","sfsi_plus_gutenberg_icon_alignemt":"","sfsi_plus_gutenburg_max_per_row":"","footnotes":""},"categories":[50,12],"tags":[],"class_list":["post-107685","post","type-post","status-publish","format-standard","has-post-thumbnail","hentry","category-destaque","category-policia"],"_links":{"self":[{"href":"https:\/\/www.caririemacao.com\/1\/wp-json\/wp\/v2\/posts\/107685","targetHints":{"allow":["GET"]}}],"collection":[{"href":"https:\/\/www.caririemacao.com\/1\/wp-json\/wp\/v2\/posts"}],"about":[{"href":"https:\/\/www.caririemacao.com\/1\/wp-json\/wp\/v2\/types\/post"}],"author":[{"embeddable":true,"href":"https:\/\/www.caririemacao.com\/1\/wp-json\/wp\/v2\/users\/1"}],"replies":[{"embeddable":true,"href":"https:\/\/www.caririemacao.com\/1\/wp-json\/wp\/v2\/comments?post=107685"}],"version-history":[{"count":1,"href":"https:\/\/www.caririemacao.com\/1\/wp-json\/wp\/v2\/posts\/107685\/revisions"}],"predecessor-version":[{"id":107687,"href":"https:\/\/www.caririemacao.com\/1\/wp-json\/wp\/v2\/posts\/107685\/revisions\/107687"}],"wp:featuredmedia":[{"embeddable":true,"href":"https:\/\/www.caririemacao.com\/1\/wp-json\/wp\/v2\/media\/107686"}],"wp:attachment":[{"href":"https:\/\/www.caririemacao.com\/1\/wp-json\/wp\/v2\/media?parent=107685"}],"wp:term":[{"taxonomy":"category","embeddable":true,"href":"https:\/\/www.caririemacao.com\/1\/wp-json\/wp\/v2\/categories?post=107685"},{"taxonomy":"post_tag","embeddable":true,"href":"https:\/\/www.caririemacao.com\/1\/wp-json\/wp\/v2\/tags?post=107685"}],"curies":[{"name":"wp","href":"https:\/\/api.w.org\/{rel}","templated":true}]}}