{"id":107690,"date":"2019-07-31T11:28:00","date_gmt":"2019-07-31T14:28:00","guid":{"rendered":"http:\/\/www.caririemacao.com\/1\/?p=107690"},"modified":"2019-07-31T11:28:00","modified_gmt":"2019-07-31T14:28:00","slug":"prefeitura-de-zabele-paga-salarios-de-julho-dentro-do-mes","status":"publish","type":"post","link":"https:\/\/www.caririemacao.com\/1\/2019\/07\/31\/prefeitura-de-zabele-paga-salarios-de-julho-dentro-do-mes\/","title":{"rendered":"Prefeitura de Zabel\u00ea paga sal\u00e1rios de Julho dentro do m\u00eas"},"content":{"rendered":"\n<p>A Prefeitura Municipal de Zabel\u00ea realizou mais uma vez o pagamento dos servidores municipais, nesta ter\u00e7a-feira dia 30.<br>O pagamento foi disponibilizado nas respectivas contas dos servidores de acordo com&nbsp;&nbsp;informa\u00e7\u00e3o&nbsp;&nbsp;do secretario de finan\u00e7as Jos\u00e9 Inaldo Neves.<br>Desta forma, prefeito Dalyson Neves mant\u00e9m o compromisso de honrar e valorizar o trabalho dos servidores p\u00fabicos municipais.<\/p>\n","protected":false},"excerpt":{"rendered":"<p>A Prefeitura Municipal de Zabel\u00ea realizou mais uma vez o pagamento dos servidores municipais, nesta ter\u00e7a-feira dia 30.O pagamento foi disponibilizado nas respectivas contas dos&hellip; <\/p>\n","protected":false},"author":1,"featured_media":106421,"comment_status":"closed","ping_status":"closed","sticky":false,"template":"","format":"standard","meta":{"sfsi_plus_gutenberg_text_before_share":"","sfsi_plus_gutenberg_show_text_before_share":"","sfsi_plus_gutenberg_icon_type":"","sfsi_plus_gutenberg_icon_alignemt":"","sfsi_plus_gutenburg_max_per_row":"","footnotes":""},"categories":[2],"tags":[],"class_list":["post-107690","post","type-post","status-publish","format-standard","has-post-thumbnail","hentry","category-geral"],"_links":{"self":[{"href":"https:\/\/www.caririemacao.com\/1\/wp-json\/wp\/v2\/posts\/107690","targetHints":{"allow":["GET"]}}],"collection":[{"href":"https:\/\/www.caririemacao.com\/1\/wp-json\/wp\/v2\/posts"}],"about":[{"href":"https:\/\/www.caririemacao.com\/1\/wp-json\/wp\/v2\/types\/post"}],"author":[{"embeddable":true,"href":"https:\/\/www.caririemacao.com\/1\/wp-json\/wp\/v2\/users\/1"}],"replies":[{"embeddable":true,"href":"https:\/\/www.caririemacao.com\/1\/wp-json\/wp\/v2\/comments?post=107690"}],"version-history":[{"count":1,"href":"https:\/\/www.caririemacao.com\/1\/wp-json\/wp\/v2\/posts\/107690\/revisions"}],"predecessor-version":[{"id":107691,"href":"https:\/\/www.caririemacao.com\/1\/wp-json\/wp\/v2\/posts\/107690\/revisions\/107691"}],"wp:featuredmedia":[{"embeddable":true,"href":"https:\/\/www.caririemacao.com\/1\/wp-json\/wp\/v2\/media\/106421"}],"wp:attachment":[{"href":"https:\/\/www.caririemacao.com\/1\/wp-json\/wp\/v2\/media?parent=107690"}],"wp:term":[{"taxonomy":"category","embeddable":true,"href":"https:\/\/www.caririemacao.com\/1\/wp-json\/wp\/v2\/categories?post=107690"},{"taxonomy":"post_tag","embeddable":true,"href":"https:\/\/www.caririemacao.com\/1\/wp-json\/wp\/v2\/tags?post=107690"}],"curies":[{"name":"wp","href":"https:\/\/api.w.org\/{rel}","templated":true}]}}