{"id":107696,"date":"2019-07-31T11:29:50","date_gmt":"2019-07-31T14:29:50","guid":{"rendered":"http:\/\/www.caririemacao.com\/1\/?p=107696"},"modified":"2019-07-31T11:29:50","modified_gmt":"2019-07-31T14:29:50","slug":"comandante-da-pm-anuncia-reforco-no-policiamento-de-serra-branca","status":"publish","type":"post","link":"https:\/\/www.caririemacao.com\/1\/2019\/07\/31\/comandante-da-pm-anuncia-reforco-no-policiamento-de-serra-branca\/","title":{"rendered":"Comandante da PM anuncia refor\u00e7o no policiamento de Serra Branca"},"content":{"rendered":"\n<p>O comandante da Companhia de Pol\u00edcia Militar de Serra Branca, capit\u00e3o Cl\u00e1udio, foi entrevistado nesta ter\u00e7a-feira (30) pelo jornalista Klebson Wanderley e anunciou com exclusividade o aumento do refor\u00e7o de homens da corpora\u00e7\u00e3o na seguran\u00e7a de Serra Branca.<br>Segundo o capit\u00e3o, apesar de ainda n\u00e3o haver aumento num\u00e9rico da tropa, os policiais aceitaram voluntariamente fazer plant\u00f5es extras para melhorar a estrat\u00e9gia de seguran\u00e7a da cidade, especialmente ap\u00f3s a normaliza\u00e7\u00e3o dos servi\u00e7os banc\u00e1rios existentes no munic\u00edpio.<br>O capit\u00e3o confirmou que ser\u00e3o realizadas mais opera\u00e7\u00f5es e as rondas ser\u00e3o ampliadas tanto em hor\u00e1rio comercial, como no per\u00edodo da noite e madrugada. O capit\u00e3o afirmou que a estrat\u00e9gia ser\u00e1 voltada para toda a seguran\u00e7a da cidade e em especial para o centro comercial de Serra Branca.<br>O comandante ainda agradeceu a parceria da Prefeitura de Serra Branca, que garantir\u00e1 um apoio log\u00edstico com alimenta\u00e7\u00e3o para a tropa; agradeceu aos policiais que compreenderam a necessidade de oferecer esse apoio em seus dias de folga e conclamou \u00e0 sociedade civil e comerciantes a se responsabilizar tamb\u00e9m pela melhoria na seguran\u00e7a p\u00fablica local.<br><strong>De Olho no Cariri<\/strong><\/p>\n","protected":false},"excerpt":{"rendered":"<p>O comandante da Companhia de Pol\u00edcia Militar de Serra Branca, capit\u00e3o Cl\u00e1udio, foi entrevistado nesta ter\u00e7a-feira (30) pelo jornalista Klebson Wanderley e anunciou com exclusividade&hellip; <\/p>\n","protected":false},"author":1,"featured_media":107697,"comment_status":"closed","ping_status":"closed","sticky":false,"template":"","format":"standard","meta":{"sfsi_plus_gutenberg_text_before_share":"","sfsi_plus_gutenberg_show_text_before_share":"","sfsi_plus_gutenberg_icon_type":"","sfsi_plus_gutenberg_icon_alignemt":"","sfsi_plus_gutenburg_max_per_row":"","footnotes":""},"categories":[12],"tags":[],"class_list":["post-107696","post","type-post","status-publish","format-standard","has-post-thumbnail","hentry","category-policia"],"_links":{"self":[{"href":"https:\/\/www.caririemacao.com\/1\/wp-json\/wp\/v2\/posts\/107696","targetHints":{"allow":["GET"]}}],"collection":[{"href":"https:\/\/www.caririemacao.com\/1\/wp-json\/wp\/v2\/posts"}],"about":[{"href":"https:\/\/www.caririemacao.com\/1\/wp-json\/wp\/v2\/types\/post"}],"author":[{"embeddable":true,"href":"https:\/\/www.caririemacao.com\/1\/wp-json\/wp\/v2\/users\/1"}],"replies":[{"embeddable":true,"href":"https:\/\/www.caririemacao.com\/1\/wp-json\/wp\/v2\/comments?post=107696"}],"version-history":[{"count":1,"href":"https:\/\/www.caririemacao.com\/1\/wp-json\/wp\/v2\/posts\/107696\/revisions"}],"predecessor-version":[{"id":107698,"href":"https:\/\/www.caririemacao.com\/1\/wp-json\/wp\/v2\/posts\/107696\/revisions\/107698"}],"wp:featuredmedia":[{"embeddable":true,"href":"https:\/\/www.caririemacao.com\/1\/wp-json\/wp\/v2\/media\/107697"}],"wp:attachment":[{"href":"https:\/\/www.caririemacao.com\/1\/wp-json\/wp\/v2\/media?parent=107696"}],"wp:term":[{"taxonomy":"category","embeddable":true,"href":"https:\/\/www.caririemacao.com\/1\/wp-json\/wp\/v2\/categories?post=107696"},{"taxonomy":"post_tag","embeddable":true,"href":"https:\/\/www.caririemacao.com\/1\/wp-json\/wp\/v2\/tags?post=107696"}],"curies":[{"name":"wp","href":"https:\/\/api.w.org\/{rel}","templated":true}]}}