{"id":107702,"date":"2019-07-31T11:33:37","date_gmt":"2019-07-31T14:33:37","guid":{"rendered":"http:\/\/www.caririemacao.com\/1\/?p=107702"},"modified":"2019-07-31T11:33:37","modified_gmt":"2019-07-31T14:33:37","slug":"prefeitura-de-ouro-velho-realiza-atualizacao-nos-cartoes-de-vacinacao-dos-trabalhadores","status":"publish","type":"post","link":"https:\/\/www.caririemacao.com\/1\/2019\/07\/31\/prefeitura-de-ouro-velho-realiza-atualizacao-nos-cartoes-de-vacinacao-dos-trabalhadores\/","title":{"rendered":"Prefeitura de Ouro Velho realiza atualiza\u00e7\u00e3o nos cart\u00f5es de vacina\u00e7\u00e3o dos trabalhadores"},"content":{"rendered":"\n<p>De acordo com a OMS, a sa\u00fade \u00e9 conceituada como um estado de completo bem-estar f\u00edsico, mental e social e n\u00e3o apenas a aus\u00eancia de doen\u00e7a. Ao assumir esse conceito, pode-se inferir que a sa\u00fade \u00e9 raramente ating\u00edvel em sua plenitude. Ao longo de sua exist\u00eancia o ser humano transita entre o estado de sa\u00fade e adoecimento, e este estado se relaciona com as potencialidades individuais e coletivas, com as condi\u00e7\u00f5es de vida e trabalho e a intera\u00e7\u00e3o humana com elas.<\/p>\n\n\n\n<p>O trabalho como expressivo do cotidiano \u00e9 crucial na constru\u00e7\u00e3o da subjetividade e da identidade social dos indiv\u00edduos e das coletividades, sendo fundamental para a reprodu\u00e7\u00e3o social da humanidade ao sustentar, entre outros aspectos, a produ\u00e7\u00e3o econ\u00f4mica de uma sociedade.<\/p>\n\n\n\n<p>Pensando dessa forma, a prefeitura de Ouro Velho em parceria com a secret\u00e1ria de Sa\u00fade e a secret\u00e1ria de Servi\u00e7os Urbanos, realizaram em conjunto a atualiza\u00e7\u00e3o do cart\u00e3o de vacina, de seus profissionais.<\/p>\n\n\n\n<p>O secret\u00e1rio de Servi\u00e7os Urbanos, Wendell Sidclei, nos relatou a import\u00e2ncia da atualiza\u00e7\u00e3o nos cart\u00f5es de vacina dos profissionais da \u00e1rea de servi\u00e7os urbanos e enfatizou a necessidade de prote\u00e7\u00e3o a sa\u00fade do trabalhador.<\/p>\n\n\n\n<p>\u201cA execu\u00e7\u00e3o de a\u00e7\u00f5es como essa voltada para a sa\u00fade destes profissionais enfatiza a necessidade de prote\u00e7\u00e3o e promo\u00e7\u00e3o da sa\u00fade e da seguran\u00e7a no trabalho, mediante a preven\u00e7\u00e3o e o controle dos fatores de risco presentes no ambiente em que eles realizam seu trabalho\u201d. Relatou o Secret\u00e1rio.<\/p>\n\n\n\n<p>A secret\u00e1ria de Sa\u00fade, Liudmila Nunes, falou sobre a vigil\u00e2ncia e o cuidado com a sa\u00fade do trabalhador, e sobre o impacto que ocasiona na sociedade.<\/p>\n\n\n\n<p>\u201cA vigil\u00e2ncia em sa\u00fade do trabalhador \u00e9 uma importante estrat\u00e9gia n\u00e3o somente para garantir a sa\u00fade dos trabalhadores, mas tamb\u00e9m para contribuir positivamente para a produtividade, qualidade dos produtos, motiva\u00e7\u00e3o e satisfa\u00e7\u00e3o do trabalho e, portanto, para a melhoria geral na qualidade de vida dos indiv\u00edduos e da sociedade como um todo\u201d. Finalizou a Secret\u00e1ria.<\/p>\n\n\n\n<p>A prefeita Nat\u00e1lia de Dr J\u00fanior, esteve presente nesse importante evento, e finalizou com um discurso voltado para o programa de imuniza\u00e7\u00e3o dos trabalhadores, realizados pela Prefeitura de Ouro Velho em parceria com as secretarias.<\/p>\n\n\n\n<p>\u201cOs programas de imuniza\u00e7\u00e3o dos trabalhadores, \u00e9 um dos caminhos mais simples e eficazes de se evitar o cont\u00e1gio de doen\u00e7as imunoprevin\u00edveis. As preocupa\u00e7\u00f5es relativas ao envolvimento dos profissionais com as doen\u00e7as infecciosas dizem respeito ao aspecto: os profissionais como indiv\u00edduos, especialmente quanto ao risco de adoecer, em raz\u00e3o a sua maior exposi\u00e7\u00e3o aos agentes infecciosos\u201d Recha\u00e7ou a Prefeita.<\/p>\n","protected":false},"excerpt":{"rendered":"<p>De acordo com a OMS, a sa\u00fade \u00e9 conceituada como um estado de completo bem-estar f\u00edsico, mental e social e n\u00e3o apenas a aus\u00eancia de&hellip; <\/p>\n","protected":false},"author":1,"featured_media":43402,"comment_status":"closed","ping_status":"closed","sticky":false,"template":"","format":"standard","meta":{"sfsi_plus_gutenberg_text_before_share":"","sfsi_plus_gutenberg_show_text_before_share":"","sfsi_plus_gutenberg_icon_type":"","sfsi_plus_gutenberg_icon_alignemt":"","sfsi_plus_gutenburg_max_per_row":"","footnotes":""},"categories":[2],"tags":[],"class_list":["post-107702","post","type-post","status-publish","format-standard","has-post-thumbnail","hentry","category-geral"],"_links":{"self":[{"href":"https:\/\/www.caririemacao.com\/1\/wp-json\/wp\/v2\/posts\/107702","targetHints":{"allow":["GET"]}}],"collection":[{"href":"https:\/\/www.caririemacao.com\/1\/wp-json\/wp\/v2\/posts"}],"about":[{"href":"https:\/\/www.caririemacao.com\/1\/wp-json\/wp\/v2\/types\/post"}],"author":[{"embeddable":true,"href":"https:\/\/www.caririemacao.com\/1\/wp-json\/wp\/v2\/users\/1"}],"replies":[{"embeddable":true,"href":"https:\/\/www.caririemacao.com\/1\/wp-json\/wp\/v2\/comments?post=107702"}],"version-history":[{"count":1,"href":"https:\/\/www.caririemacao.com\/1\/wp-json\/wp\/v2\/posts\/107702\/revisions"}],"predecessor-version":[{"id":107704,"href":"https:\/\/www.caririemacao.com\/1\/wp-json\/wp\/v2\/posts\/107702\/revisions\/107704"}],"wp:featuredmedia":[{"embeddable":true,"href":"https:\/\/www.caririemacao.com\/1\/wp-json\/wp\/v2\/media\/43402"}],"wp:attachment":[{"href":"https:\/\/www.caririemacao.com\/1\/wp-json\/wp\/v2\/media?parent=107702"}],"wp:term":[{"taxonomy":"category","embeddable":true,"href":"https:\/\/www.caririemacao.com\/1\/wp-json\/wp\/v2\/categories?post=107702"},{"taxonomy":"post_tag","embeddable":true,"href":"https:\/\/www.caririemacao.com\/1\/wp-json\/wp\/v2\/tags?post=107702"}],"curies":[{"name":"wp","href":"https:\/\/api.w.org\/{rel}","templated":true}]}}