{"id":107708,"date":"2019-07-31T11:42:03","date_gmt":"2019-07-31T14:42:03","guid":{"rendered":"http:\/\/www.caririemacao.com\/1\/?p=107708"},"modified":"2019-07-31T11:42:03","modified_gmt":"2019-07-31T14:42:03","slug":"sem-agua-do-sao-francisco-regiao-do-cariri-sera-abastecida-pelo-acude-do-congo","status":"publish","type":"post","link":"https:\/\/www.caririemacao.com\/1\/2019\/07\/31\/sem-agua-do-sao-francisco-regiao-do-cariri-sera-abastecida-pelo-acude-do-congo\/","title":{"rendered":"Sem \u00e1gua do S\u00e3o Francisco, regi\u00e3o do Cariri ser\u00e1 abastecida pelo a\u00e7ude do Congo"},"content":{"rendered":"\n<p>O envio da \u00e1gua da Transposi\u00e7\u00e3o do Rio S\u00e3o Francisco para a Para\u00edba est\u00e1 comprometido desde o dia 22 de fevereiro deste ano, quando, segundo o diretor presidente da Ag\u00eancia Executiva de Gest\u00e3o das \u00c1guas da Para\u00edba (Aesa), Porf\u00edrio Loureiro, teve in\u00edcio a&nbsp;recupera\u00e7\u00e3o da barragem de Cust\u00f3dia, em Cacimba Nova (PE), limitando o funcionamento de esta\u00e7\u00f5es de bombeamento. Atualmente, de acordo com o gestor, a \u00e1gua n\u00e3o chega \u00e0 Para\u00edba. Com isso, a Aesa faz liga\u00e7\u00f5es emergenciais para garantir o abastecimento de cidades do Cariri do estado.<\/p>\n\n\n\n<p>\u201cO Minist\u00e9rio do Desenvolvimento Regional j\u00e1 come\u00e7ou a religar esta\u00e7\u00f5es de bombeamento em Pernambuco. J\u00e1 est\u00e3o funcionando, em fase de testes, a EBV-1 e EBV-2. A previs\u00e3o \u00e9 de que at\u00e9 4 de setembro sejam religadas todas, at\u00e9 a EBV-6, fazendo com que a \u00e1gua do S\u00e3o Francisco volte a chegar \u00e0 Para\u00edba. Enquanto isso, o abastecimento das cidade do Cariri est\u00e1 ocorrendo a partir do reservat\u00f3rio de Camala\u00fa\u201d, contou o diretor presidente da Aesa.<\/p>\n\n\n\n<p>O a\u00e7ude de Camala\u00fa, com volume atualizado pela Aesa nessa segunda-feira (29), est\u00e1 com 2.575.331 metros c\u00fabicos, ou 5,35% do volume total. Conforme explica Porf\u00edrio Loureiro, nesta sexta-feira (2), a liga\u00e7\u00e3o por esse manancial dever\u00e1 ser bloqueada e o fornecimento de \u00e1gua passar\u00e1 a ocorrer a partir do a\u00e7ude Cordeiro, localizado no munic\u00edpio do Congo, a 212 km de Jo\u00e3o Pessoa.<\/p>\n\n\n\n<p>\u201cEst\u00e3o sendo instaladas bombas flutuantes do a\u00e7ude de Cordeiro que devem garantir o abastecimento de \u00e1gua das cidades do Cariri enquanto o bombeamento da Transposi\u00e7\u00e3o n\u00e3o \u00e9 religado totalmente\u201d, informou Porf\u00edrio.<\/p>\n\n\n\n<p>Em n\u00fameros divulgados nesta ter\u00e7a-feira (30), o a\u00e7ude de Cordeiro tem acumulados 8.839.329 metros c\u00fabicos, ou 12,63% de capacidade total. O diretor presidente da Aesa garantiu que, mesmo em caso de n\u00e3o ocorrer o religamento da Transposi\u00e7\u00e3o do S\u00e3o Francisco no per\u00edodo esperado, esse volume do reservat\u00f3rio da cidade do Congo \u00e9 suficiente para abastecer o Cariri paraibano at\u00e9 o pr\u00f3ximo per\u00edodo chuvoso, em meados de mar\u00e7o de 2020.<\/p>\n","protected":false},"excerpt":{"rendered":"<p>O envio da \u00e1gua da Transposi\u00e7\u00e3o do Rio S\u00e3o Francisco para a Para\u00edba est\u00e1 comprometido desde o dia 22 de fevereiro deste ano, quando, segundo&hellip; <\/p>\n","protected":false},"author":1,"featured_media":107709,"comment_status":"closed","ping_status":"closed","sticky":false,"template":"","format":"standard","meta":{"sfsi_plus_gutenberg_text_before_share":"","sfsi_plus_gutenberg_show_text_before_share":"","sfsi_plus_gutenberg_icon_type":"","sfsi_plus_gutenberg_icon_alignemt":"","sfsi_plus_gutenburg_max_per_row":"","footnotes":""},"categories":[50,2],"tags":[],"class_list":["post-107708","post","type-post","status-publish","format-standard","has-post-thumbnail","hentry","category-destaque","category-geral"],"_links":{"self":[{"href":"https:\/\/www.caririemacao.com\/1\/wp-json\/wp\/v2\/posts\/107708","targetHints":{"allow":["GET"]}}],"collection":[{"href":"https:\/\/www.caririemacao.com\/1\/wp-json\/wp\/v2\/posts"}],"about":[{"href":"https:\/\/www.caririemacao.com\/1\/wp-json\/wp\/v2\/types\/post"}],"author":[{"embeddable":true,"href":"https:\/\/www.caririemacao.com\/1\/wp-json\/wp\/v2\/users\/1"}],"replies":[{"embeddable":true,"href":"https:\/\/www.caririemacao.com\/1\/wp-json\/wp\/v2\/comments?post=107708"}],"version-history":[{"count":1,"href":"https:\/\/www.caririemacao.com\/1\/wp-json\/wp\/v2\/posts\/107708\/revisions"}],"predecessor-version":[{"id":107710,"href":"https:\/\/www.caririemacao.com\/1\/wp-json\/wp\/v2\/posts\/107708\/revisions\/107710"}],"wp:featuredmedia":[{"embeddable":true,"href":"https:\/\/www.caririemacao.com\/1\/wp-json\/wp\/v2\/media\/107709"}],"wp:attachment":[{"href":"https:\/\/www.caririemacao.com\/1\/wp-json\/wp\/v2\/media?parent=107708"}],"wp:term":[{"taxonomy":"category","embeddable":true,"href":"https:\/\/www.caririemacao.com\/1\/wp-json\/wp\/v2\/categories?post=107708"},{"taxonomy":"post_tag","embeddable":true,"href":"https:\/\/www.caririemacao.com\/1\/wp-json\/wp\/v2\/tags?post=107708"}],"curies":[{"name":"wp","href":"https:\/\/api.w.org\/{rel}","templated":true}]}}