{"id":107714,"date":"2019-07-31T11:43:26","date_gmt":"2019-07-31T14:43:26","guid":{"rendered":"http:\/\/www.caririemacao.com\/1\/?p=107714"},"modified":"2019-07-31T11:43:26","modified_gmt":"2019-07-31T14:43:26","slug":"greve-dos-correios-sera-iniciada-a-partir-desta-quarta-a-noite","status":"publish","type":"post","link":"https:\/\/www.caririemacao.com\/1\/2019\/07\/31\/greve-dos-correios-sera-iniciada-a-partir-desta-quarta-a-noite\/","title":{"rendered":"Greve dos Correios ser\u00e1 iniciada a partir desta quarta \u00e0 noite"},"content":{"rendered":"\n<p>Os trabalhadores dos Correios anunciaram que entrar\u00e3o em greve a partir da noite desta quarta-feira (31). Segundo a Federa\u00e7\u00e3o Nacional dos Trabalhadores em Empresas de Correios e Tel\u00e9grafos e Similares (Fentect), a categoria realizou, na manh\u00e3 desta ter\u00e7a-feira (30), a \u00faltima reuni\u00e3o prevista no calend\u00e1rio de negocia\u00e7\u00e3o com os Correios, em Bras\u00edlia (DF).<\/p>\n\n\n\n<p>De acordo com Fischer Moreira, secret\u00e1rio de imprensa da Fentect, a categoria protesta contra o baixo \u201creajuste salarial e contra a retirada de direitos hist\u00f3ricos da categoria\u201d. Uma das altera\u00e7\u00f5es propostas pela empresa \u00e9 a exclus\u00e3o de pais como dependentes no plano de sa\u00fade dos funcion\u00e1rios e aumento na coparticipa\u00e7\u00e3o do plano, que hoje est\u00e1 por volta de 30%. O reajuste salarial proposto \u00e9 de 0,8%, valor considerado irris\u00f3rio pela federa\u00e7\u00e3o.<\/p>\n\n\n\n<p>A greve foi anunciada ao presidente dos Correios, Floriano Peixoto, na \u00faltima segunda (29). Apesar do indicativo de paralisa\u00e7\u00e3o, os trabalhadores n\u00e3o descartam novas negocia\u00e7\u00f5es. \u201cAinda que tenha uma data marcada para greve, o comando continua a disposi\u00e7\u00e3o de negociar. Entendemos o momento da empresa, mas \u00e9 necess\u00e1rio tamb\u00e9m ver o lado do trabalhador\u201d, afirma Moreira.<\/p>\n\n\n\n<p><strong>Privatiza\u00e7\u00e3o \u2013&nbsp;<\/strong>Os Correios est\u00e3o em meio a uma possibilidade de privatiza\u00e7\u00e3o, defendida pelo presidente Jair Bolsonaro (PSL). Os planos do governo, por enquanto, s\u00e3o de investir esfor\u00e7os na reforma da Previd\u00eancia, enquanto as privatiza\u00e7\u00f5es ficariam para um segundo momento. Fischer Moreira alega que a base aliada do governo no Congresso Nacional, como a deputada Joice Hasselmann (PSL-SP), divulga informa\u00e7\u00f5es sobre a empresa que \u201cfaltam com a verdade\u201d.<\/p>\n\n\n\n<p>Os funcion\u00e1rios afirmaram que \u201ccontinuam em negocia\u00e7\u00e3o com representa\u00e7\u00f5es dos empregados\u201d, com media\u00e7\u00e3o do Tribunal Superior do Trabalho, e que \u201cn\u00e3o \u00e9 oportuno tratar de greve neste momento\u201d.<\/p>\n\n\n\n<p><em>Com Ag\u00eancia Brasil<\/em><\/p>\n","protected":false},"excerpt":{"rendered":"<p>Os trabalhadores dos Correios anunciaram que entrar\u00e3o em greve a partir da noite desta quarta-feira (31). Segundo a Federa\u00e7\u00e3o Nacional dos Trabalhadores em Empresas de&hellip; <\/p>\n","protected":false},"author":1,"featured_media":107584,"comment_status":"closed","ping_status":"closed","sticky":false,"template":"","format":"standard","meta":{"sfsi_plus_gutenberg_text_before_share":"","sfsi_plus_gutenberg_show_text_before_share":"","sfsi_plus_gutenberg_icon_type":"","sfsi_plus_gutenberg_icon_alignemt":"","sfsi_plus_gutenburg_max_per_row":"","footnotes":""},"categories":[2],"tags":[],"class_list":["post-107714","post","type-post","status-publish","format-standard","has-post-thumbnail","hentry","category-geral"],"_links":{"self":[{"href":"https:\/\/www.caririemacao.com\/1\/wp-json\/wp\/v2\/posts\/107714","targetHints":{"allow":["GET"]}}],"collection":[{"href":"https:\/\/www.caririemacao.com\/1\/wp-json\/wp\/v2\/posts"}],"about":[{"href":"https:\/\/www.caririemacao.com\/1\/wp-json\/wp\/v2\/types\/post"}],"author":[{"embeddable":true,"href":"https:\/\/www.caririemacao.com\/1\/wp-json\/wp\/v2\/users\/1"}],"replies":[{"embeddable":true,"href":"https:\/\/www.caririemacao.com\/1\/wp-json\/wp\/v2\/comments?post=107714"}],"version-history":[{"count":1,"href":"https:\/\/www.caririemacao.com\/1\/wp-json\/wp\/v2\/posts\/107714\/revisions"}],"predecessor-version":[{"id":107715,"href":"https:\/\/www.caririemacao.com\/1\/wp-json\/wp\/v2\/posts\/107714\/revisions\/107715"}],"wp:featuredmedia":[{"embeddable":true,"href":"https:\/\/www.caririemacao.com\/1\/wp-json\/wp\/v2\/media\/107584"}],"wp:attachment":[{"href":"https:\/\/www.caririemacao.com\/1\/wp-json\/wp\/v2\/media?parent=107714"}],"wp:term":[{"taxonomy":"category","embeddable":true,"href":"https:\/\/www.caririemacao.com\/1\/wp-json\/wp\/v2\/categories?post=107714"},{"taxonomy":"post_tag","embeddable":true,"href":"https:\/\/www.caririemacao.com\/1\/wp-json\/wp\/v2\/tags?post=107714"}],"curies":[{"name":"wp","href":"https:\/\/api.w.org\/{rel}","templated":true}]}}