{"id":107722,"date":"2019-07-31T11:48:16","date_gmt":"2019-07-31T14:48:16","guid":{"rendered":"http:\/\/www.caririemacao.com\/1\/?p=107722"},"modified":"2019-07-31T11:48:16","modified_gmt":"2019-07-31T14:48:16","slug":"tres-meses-apos-bloqueio-do-mec-instituicoes-federais-de-ensino-na-pb-preveem-colapso-financeiro","status":"publish","type":"post","link":"https:\/\/www.caririemacao.com\/1\/2019\/07\/31\/tres-meses-apos-bloqueio-do-mec-instituicoes-federais-de-ensino-na-pb-preveem-colapso-financeiro\/","title":{"rendered":"Tr\u00eas meses ap\u00f3s bloqueio do MEC, institui\u00e7\u00f5es federais de ensino na PB preveem colapso financeiro"},"content":{"rendered":"\n<p>Tr\u00eas meses ap\u00f3s o&nbsp;bloqueio de aproximadamente R$ 90 milh\u00f5es do or\u00e7amento por parte do Minist\u00e9rio da Educa\u00e7\u00e3o (MEC), as institui\u00e7\u00f5es federais de ensino da Para\u00edba fazem previs\u00e3o de colapso or\u00e7ament\u00e1rio a partir de outubro deste ano caso n\u00e3o haja um desbloqueio. Reitores e pr\u00f3-reitores de UFPB, UFCG e IFPB explicam que os recursos dispon\u00edveis no or\u00e7amento ap\u00f3s bloqueio de 30% s\u00f3 garantem cumprimento de contratos e custeio de despesas at\u00e9 setembro.<\/p>\n\n\n\n<p>O bloqueio dos recursos foi definido pelo MEC no dia 30 de abril deste ano. Na Para\u00edba, o valor bloqueado pelo governo federal para suas universidades e institutos chegou em R$ 91 milh\u00f5es, sendo R$ 44 milh\u00f5es para o UFPB, R$ 27 milh\u00f5es para UFCG e R$ 20 milh\u00f5es no IFPB. A previs\u00e3o em cada uma dessas institui\u00e7\u00f5es de ensino superior \u00e9 de que o contingenciamento s\u00f3 permita arcar com os custos do funcionamento at\u00e9 setembro.<\/p>\n\n\n\n<p>O vice-reitor e secret\u00e1rio de planejamento da UFCG, Camilo Farias, comentou que a recomenda\u00e7\u00e3o feita pela Associa\u00e7\u00e3o Nacional dos Dirigentes das Institui\u00e7\u00f5es Federais de Ensino Superior (Andifes) \u00e9 de que as universidades federais sigam honrando com os contratos firmados at\u00e9 setembro, que \u00e9 o prazo em que acaba o or\u00e7amento contingenciado pelo governo federal.<\/p>\n\n\n\n<p>\u201cEm outras universidades, em outros estados, j\u00e1 temos conhecimento de demiss\u00e3o de funcion\u00e1rios terceirizados ou de problemas para arcar com a despesa de energia el\u00e9trica. Na UFCG n\u00e3o estamos enfrentando esse tipo de problema ainda. Seguimos a orienta\u00e7\u00e3o da Andifes e esperemos que o valores sejam desbloqueados pelo governo\u201d, comentou.<\/p>\n\n\n\n<p>Confira o balan\u00e7o feito por cada uma das universidades e instituto federais na Para\u00edba ap\u00f3s tr\u00eas meses de contingenciamento do MEC no or\u00e7amento das institui\u00e7\u00f5es.<\/p>\n\n\n\n<h2 class=\"wp-block-heading\">UFPB<\/h2>\n\n\n\n<p>A reitora Margareth Diniz afirmou que o or\u00e7amento da UFPB segue contingenciado. A institui\u00e7\u00e3o recebeu at\u00e9 julho apenas 48% do cr\u00e9dito or\u00e7ament\u00e1rio. A universidade sofreu o maior bloqueio de verbas entre as institui\u00e7\u00f5es federais na Para\u00edba. Foram suprimidos R$ 44 milh\u00f5es do or\u00e7amento, correspondentes aos 30% contingenciados pelo MEC.<\/p>\n\n\n\n<p>Ainda de acordo com a reitora, a UFPB tem trabalhado para que, caso n\u00e3o haja libera\u00e7\u00e3o do restante do dinheiro previsto no or\u00e7amento em outubro, que a unidade de ensino superior esteja preparada para libera\u00e7\u00e3o do dinheiro bloqueado ao final do ano.<\/p>\n\n\n\n<p>\u201cSe o descontingenciamento s\u00f3 acontecer ao final do ano, se ele chegar s\u00f3 no final do ano todo de uma vez, a gente precisa dar andamento o mais r\u00e1pido poss\u00edvel para normalizar a situa\u00e7\u00e3o dos meses anteriores\u201d, explicou.<\/p>\n\n\n\n<h2 class=\"wp-block-heading\">UFCG<\/h2>\n\n\n\n<p>O vice-reitor e secret\u00e1rio de planejamento da UFCG, Camilo Farias, segue a mesma linha da UFPB. Segundo ele, o or\u00e7amento da UFCG garante o cumprimento de todas as despesas previstas at\u00e9 o m\u00eas de setembro. A partir de outubro, caso n\u00e3o haja desbloqueio, vai haver um colapso no funcionamento da institui\u00e7\u00e3o.<\/p>\n\n\n\n<p>O or\u00e7amento da UFCG era de cerca de R$ 90 milh\u00f5es, ap\u00f3s o bloquei dos 30%, cerca de R$ 27 milh\u00f5es foram suprimidos da institui\u00e7\u00e3o. Para recursos discricion\u00e1rio, a UFCG passou a contar com aproximadamente R$ 63 milh\u00f5es, um montante dispon\u00edvel para arcar com todos os contratos firmados para 2019. Do volume de despesas da UFCG, cerca de R$ 42 milh\u00f5es \u00e9 apenas para pagamento de funcion\u00e1rios terceirizados, algo em torno de 47% do or\u00e7amento total de R$ 90 milh\u00f5es.<\/p>\n\n\n\n<p>\u201cO bloqueio foi dia 30 de abril, j\u00e1 t\u00ednhamos quatro meses completos de gastos no or\u00e7amento. S\u00e3o 30% em cima de 8 meses e n\u00e3o em cima de um ano. T\u00ednhamos 90 milh\u00f5es e passamos para 63 milh\u00f5es de reais. Para entendermos a dimens\u00e3o, nessa situa\u00e7\u00e3o, s\u00e3o R$ 63 milh\u00f5es em um or\u00e7amento que R$ 42 milh\u00f5es s\u00e3o apenas para os terceirizados\u201d, comentou.<\/p>\n\n\n\n<p>A UFCG segue trabalhando, assim como a UFPB, para reduzir os custos de manuten\u00e7\u00e3o da institui\u00e7\u00e3o, na esperan\u00e7a de que os valores sejam desbloqueados pelo governo federal. Muito embora, de acordo com Camilo Farias, apesar de toda economia, a redu\u00e7\u00e3o de gastos ainda n\u00e3o garante a cobertura dos demais compromissos financeiros da universidade que est\u00e3o sob risco com o bloqueio.<\/p>\n\n\n\n<p>\u201cFizemos R$ 400 mil de economia em \u00e1gua, da mesma forma, a partir de projetos da pr\u00f3pria universidade, uma redu\u00e7\u00e3o no uso da energia el\u00e9trica. Atualmente, 100% dos nossos processos administrativos s\u00e3o eletr\u00f4nicos. Mas isso tudo n\u00e3o \u00e9 suficiente\u201d, conclui o vice-reitor.<\/p>\n\n\n\n<h2 class=\"wp-block-heading\">IFPB<\/h2>\n\n\n\n<p>No caso do IFPB, de acordo com o pr\u00f3-reitor de administra\u00e7\u00e3o e finan\u00e7as do IFPB, Pablo Andrey, a institui\u00e7\u00e3o entrou no segundo semestre com apenas 53% do or\u00e7amento total previsto. A verba foi utilizada para para o pagamento de energia, \u00e1gua, servi\u00e7os terceirizados bolsas e etc. Outros 20% do or\u00e7amento de investimento, que \u00e9 para a aquisi\u00e7\u00e3o de equipamentos. O IFPB sofreu um bloqueio na ordem de R$ 21 milh\u00f5es.<\/p>\n\n\n\n<p>\u201cConsiderando o contingenciamento realizado de 40% no custeio, s\u00f3 nos restaria receber mais 7% (recebemos 53% at\u00e9 agora e 40% est\u00e3o bloqueados) at\u00e9 o final do ano. Destes 53% do or\u00e7amento de custeio recebido, j\u00e1 o executamos quase na totalidade. Isto \u00e9 normal, pois estamos mais ou menos no meio no ano, e est\u00e1 proporcional ao or\u00e7amento. Todavia, a institui\u00e7\u00e3o est\u00e1 funcionando com austeridade e sem perder a sua qualidade, marca essa do IFPB\u201d, explicou.<\/p>\n\n\n\n<p>Assim como UFPB e UFCG, com o or\u00e7amento dispon\u00edvel, o instituto s\u00f3 teria funcionamento at\u00e9 o m\u00eas de setembro, quando os contratos come\u00e7am a ser renovados. \u201cO reitor viajou nesta ter\u00e7a-feira (30) \u00e0 Bras\u00edlia para a reuni\u00e3o com todos os reitores da rede federal de educa\u00e7\u00e3o profissional para discutir e reivindicar o desbloqueio do or\u00e7amento\u201d, relatou.<\/p>\n","protected":false},"excerpt":{"rendered":"<p>Tr\u00eas meses ap\u00f3s o&nbsp;bloqueio de aproximadamente R$ 90 milh\u00f5es do or\u00e7amento por parte do Minist\u00e9rio da Educa\u00e7\u00e3o (MEC), as institui\u00e7\u00f5es federais de ensino da Para\u00edba&hellip; <\/p>\n","protected":false},"author":1,"featured_media":103982,"comment_status":"closed","ping_status":"closed","sticky":false,"template":"","format":"standard","meta":{"sfsi_plus_gutenberg_text_before_share":"","sfsi_plus_gutenberg_show_text_before_share":"","sfsi_plus_gutenberg_icon_type":"","sfsi_plus_gutenberg_icon_alignemt":"","sfsi_plus_gutenburg_max_per_row":"","footnotes":""},"categories":[14],"tags":[],"class_list":["post-107722","post","type-post","status-publish","format-standard","has-post-thumbnail","hentry","category-educacao"],"_links":{"self":[{"href":"https:\/\/www.caririemacao.com\/1\/wp-json\/wp\/v2\/posts\/107722","targetHints":{"allow":["GET"]}}],"collection":[{"href":"https:\/\/www.caririemacao.com\/1\/wp-json\/wp\/v2\/posts"}],"about":[{"href":"https:\/\/www.caririemacao.com\/1\/wp-json\/wp\/v2\/types\/post"}],"author":[{"embeddable":true,"href":"https:\/\/www.caririemacao.com\/1\/wp-json\/wp\/v2\/users\/1"}],"replies":[{"embeddable":true,"href":"https:\/\/www.caririemacao.com\/1\/wp-json\/wp\/v2\/comments?post=107722"}],"version-history":[{"count":1,"href":"https:\/\/www.caririemacao.com\/1\/wp-json\/wp\/v2\/posts\/107722\/revisions"}],"predecessor-version":[{"id":107723,"href":"https:\/\/www.caririemacao.com\/1\/wp-json\/wp\/v2\/posts\/107722\/revisions\/107723"}],"wp:featuredmedia":[{"embeddable":true,"href":"https:\/\/www.caririemacao.com\/1\/wp-json\/wp\/v2\/media\/103982"}],"wp:attachment":[{"href":"https:\/\/www.caririemacao.com\/1\/wp-json\/wp\/v2\/media?parent=107722"}],"wp:term":[{"taxonomy":"category","embeddable":true,"href":"https:\/\/www.caririemacao.com\/1\/wp-json\/wp\/v2\/categories?post=107722"},{"taxonomy":"post_tag","embeddable":true,"href":"https:\/\/www.caririemacao.com\/1\/wp-json\/wp\/v2\/tags?post=107722"}],"curies":[{"name":"wp","href":"https:\/\/api.w.org\/{rel}","templated":true}]}}