{"id":107734,"date":"2019-07-31T11:52:36","date_gmt":"2019-07-31T14:52:36","guid":{"rendered":"http:\/\/www.caririemacao.com\/1\/?p=107734"},"modified":"2019-07-31T11:52:36","modified_gmt":"2019-07-31T14:52:36","slug":"ministro-do-stf-sugere-que-jair-bolsonaro-utilize-mordaca","status":"publish","type":"post","link":"https:\/\/www.caririemacao.com\/1\/2019\/07\/31\/ministro-do-stf-sugere-que-jair-bolsonaro-utilize-mordaca\/","title":{"rendered":"Ministro do STF sugere que Jair Bolsonaro utilize morda\u00e7a"},"content":{"rendered":"\n<p>O ministro do Supremo Tribunal Federal (STF), Marco Aur\u00e9lio Mello, sugeriu que o presidente Jair Bolsonaro deva utilizar morda\u00e7a \u2018para evitar algumas falas\u2019. A proposta diz respeito \u00e0 pol\u00eamica envolvendo o presidente que afirmou, no \u00faltimo dia 29, que o advogado e militante de esquerda Felipe Santa Cruz de Oliveira, teria sido assassinado por integrantes da A\u00e7\u00e3o Popular (AP).<\/p>\n\n\n\n<p>O advogado era pai do atual presidente da Ordem dos Advogados do Brasil (OAB), Felipe Santa Cruz. De acordo com o ministro, \u201capenas criando um aparelho de morda\u00e7a\u201d para impedir as falas do presidente.<\/p>\n\n\n\n<p>De acordo com Bolsonaro, Fernando teria sido morto por integrantes da AP, grupo contra o regime, que \u2018suspeitavam de trai\u00e7\u00e3o\u2019 durante a ditadura militar (1964-1985) e n\u00e3o pelas For\u00e7as Armadas. \u201cN\u00e3o foram militares que mataram ele. \u00c9 muito f\u00e1cil culpar os militares por tudo o que acontece\u201d, disse durante uma transmiss\u00e3o ao vivo no Facebook.<\/p>\n\n\n\n<p>No \u00faltimo dia 24, a Comiss\u00e3o Especial sobre Mortos e Desaparecidos Pol\u00edticos expediu o atestado de \u00f3bito de Fernando Santa Cruz. Segundo o documento ele \u201cfaleceu provavelmente no dia 23 de fevereiro de 1974, no Rio de Janeiro\/RJ, em raz\u00e3o de morte n\u00e3o natural, violenta, causada pelo Estado brasileiro, no contexto da persegui\u00e7\u00e3o sistem\u00e1tica e generalizada \u00e0 popula\u00e7\u00e3o identificada como opositora pol\u00edtica ao regime ditatorial de 1964 a 1985\u201d.<\/p>\n\n\n\n<p>Fonte: MaisPB<\/p>\n","protected":false},"excerpt":{"rendered":"<p>O ministro do Supremo Tribunal Federal (STF), Marco Aur\u00e9lio Mello, sugeriu que o presidente Jair Bolsonaro deva utilizar morda\u00e7a \u2018para evitar algumas falas\u2019. A proposta&hellip; <\/p>\n","protected":false},"author":1,"featured_media":49709,"comment_status":"closed","ping_status":"closed","sticky":false,"template":"","format":"standard","meta":{"sfsi_plus_gutenberg_text_before_share":"","sfsi_plus_gutenberg_show_text_before_share":"","sfsi_plus_gutenberg_icon_type":"","sfsi_plus_gutenberg_icon_alignemt":"","sfsi_plus_gutenburg_max_per_row":"","footnotes":""},"categories":[11],"tags":[],"class_list":["post-107734","post","type-post","status-publish","format-standard","has-post-thumbnail","hentry","category-politica"],"_links":{"self":[{"href":"https:\/\/www.caririemacao.com\/1\/wp-json\/wp\/v2\/posts\/107734","targetHints":{"allow":["GET"]}}],"collection":[{"href":"https:\/\/www.caririemacao.com\/1\/wp-json\/wp\/v2\/posts"}],"about":[{"href":"https:\/\/www.caririemacao.com\/1\/wp-json\/wp\/v2\/types\/post"}],"author":[{"embeddable":true,"href":"https:\/\/www.caririemacao.com\/1\/wp-json\/wp\/v2\/users\/1"}],"replies":[{"embeddable":true,"href":"https:\/\/www.caririemacao.com\/1\/wp-json\/wp\/v2\/comments?post=107734"}],"version-history":[{"count":1,"href":"https:\/\/www.caririemacao.com\/1\/wp-json\/wp\/v2\/posts\/107734\/revisions"}],"predecessor-version":[{"id":107735,"href":"https:\/\/www.caririemacao.com\/1\/wp-json\/wp\/v2\/posts\/107734\/revisions\/107735"}],"wp:featuredmedia":[{"embeddable":true,"href":"https:\/\/www.caririemacao.com\/1\/wp-json\/wp\/v2\/media\/49709"}],"wp:attachment":[{"href":"https:\/\/www.caririemacao.com\/1\/wp-json\/wp\/v2\/media?parent=107734"}],"wp:term":[{"taxonomy":"category","embeddable":true,"href":"https:\/\/www.caririemacao.com\/1\/wp-json\/wp\/v2\/categories?post=107734"},{"taxonomy":"post_tag","embeddable":true,"href":"https:\/\/www.caririemacao.com\/1\/wp-json\/wp\/v2\/tags?post=107734"}],"curies":[{"name":"wp","href":"https:\/\/api.w.org\/{rel}","templated":true}]}}