{"id":107750,"date":"2019-07-31T12:01:48","date_gmt":"2019-07-31T15:01:48","guid":{"rendered":"http:\/\/www.caririemacao.com\/1\/?p=107750"},"modified":"2019-07-31T12:01:48","modified_gmt":"2019-07-31T15:01:48","slug":"programa-abre-100-vagas-de-estagio-com-bolsa-de-r-300-em-escolas-tecnicas-da-pb","status":"publish","type":"post","link":"https:\/\/www.caririemacao.com\/1\/2019\/07\/31\/programa-abre-100-vagas-de-estagio-com-bolsa-de-r-300-em-escolas-tecnicas-da-pb\/","title":{"rendered":"Programa abre 100 vagas de est\u00e1gio com bolsa de R$ 300 em escolas t\u00e9cnicas da PB"},"content":{"rendered":"\n<p>O Programa Primeira Chance, que oferece oportunidade de est\u00e1gio para alunos do ensino m\u00e9dio da Rede Estadual, divulgou, no \u00faltimo s\u00e1bado (27), no Di\u00e1rio Oficial do Estado, o segundo edital com 100 vagas destinadas a 23 escolas t\u00e9cnicas que possuem turmas da 3\u00aa s\u00e9rie do ensino m\u00e9dio integrado \u00e0 educa\u00e7\u00e3o profissional.<\/p>\n\n\n\n<p>A sele\u00e7\u00e3o \u00e9 para atua\u00e7\u00e3o nas pr\u00f3prias escolas, em projetos dos cursos t\u00e9cnicos aos quais os alunos est\u00e3o vinculados. A bolsa \u00e9 de R$ 300,00 e a carga hor\u00e1ria de 20 horas semanais.<\/p>\n\n\n\n<p>O processo visa selecionar boas pr\u00e1ticas do cotidiano curricular desenvolvidas nas escolas t\u00e9cnicas da rede estadual da Para\u00edba, no intuito de contemplar e fortalecer a\u00e7\u00f5es de articula\u00e7\u00e3o com o setor produtivo e comunit\u00e1rio.<\/p>\n\n\n\n<p>Poder\u00e3o ser beneficiados estudantes regularmente matriculados e frequentando a 3\u00aa s\u00e9rie do ensino t\u00e9cnico, e que estejam cadastrados no Banco de Talentos do Programa Estadual Primeira Chance.<\/p>\n\n\n\n<p>A inscri\u00e7\u00e3o \u00e9 realizada pela escola, que deve anexar, no ato da inscri\u00e7\u00e3o, um memorial descritivo da a\u00e7\u00e3o realizada, que contemple a articula\u00e7\u00e3o com o setor produtivo e\/ou comunidade, indicando os alunos que participar\u00e3o do projeto, que estejam participando das a\u00e7\u00f5es desenvolvidas ou que tenham interesse\/perfil de participa\u00e7\u00e3o.<\/p>\n\n\n\n<p>A inscri\u00e7\u00e3o pode ser realizada por meio do formul\u00e1rio eletr\u00f4nico dispon\u00edvel no site do Governo, no endere\u00e7o eletr\u00f4nico https:\/\/sites.google.com\/escola.pb.gov.br\/primeirachance, a partir desta ter\u00e7a-feira at\u00e9 as 23h59 do dia 10 de agosto pr\u00f3ximo.<\/p>\n\n\n\n<p>Selecionados no primeiro edital \u2013&nbsp; O programa tamb\u00e9m divulgou a lista com os 40 alunos selecionados no primeiro edital para est\u00e1gios em 20 empresas do setor de turismo, hospitalidade e lazer. A rela\u00e7\u00e3o est\u00e1 dispon\u00edvel no endere\u00e7o https:\/\/sites.google.com\/escola.pb.gov.br\/primeirachance<\/p>\n\n\n\n<p>Primeira Chance \u2013 Lan\u00e7ado este ano, o Primeira Chance \u00e9 um programa estadual de incentivo \u00e0 concess\u00e3o de est\u00e1gio, aprendizagem e primeira experi\u00eancia profissional para egressos e estudantes do ensino m\u00e9dio da Rede Estadual de Educa\u00e7\u00e3o da Para\u00edba.<\/p>\n\n\n\n<p>Em 2018, a Para\u00edba j\u00e1 contou com 191 estagi\u00e1rios e 60 contrata\u00e7\u00f5es nos cursos t\u00e9cnicos. Agora foi montado um banco de talentos e os alunos ter\u00e3o duas vias de ingresso em est\u00e1gios.<\/p>\n\n\n\n<p>A primeira via \u00e9 atrav\u00e9s dos editais, que disponibilizam vagas em determinados setores, nos quais o aluno se inscreve para concorrer \u00e0 vaga. A segunda via \u00e9 a demanda das empresas e institui\u00e7\u00f5es que procurar\u00e3o o banco de talentos de acordo com sua necessidade e ser\u00e1 acompanhada pelo programa com mentoria e supervis\u00e3o.<\/p>\n","protected":false},"excerpt":{"rendered":"<p>O Programa Primeira Chance, que oferece oportunidade de est\u00e1gio para alunos do ensino m\u00e9dio da Rede Estadual, divulgou, no \u00faltimo s\u00e1bado (27), no Di\u00e1rio Oficial&hellip; <\/p>\n","protected":false},"author":1,"featured_media":107751,"comment_status":"closed","ping_status":"closed","sticky":false,"template":"","format":"standard","meta":{"sfsi_plus_gutenberg_text_before_share":"","sfsi_plus_gutenberg_show_text_before_share":"","sfsi_plus_gutenberg_icon_type":"","sfsi_plus_gutenberg_icon_alignemt":"","sfsi_plus_gutenburg_max_per_row":"","footnotes":""},"categories":[14],"tags":[],"class_list":["post-107750","post","type-post","status-publish","format-standard","has-post-thumbnail","hentry","category-educacao"],"_links":{"self":[{"href":"https:\/\/www.caririemacao.com\/1\/wp-json\/wp\/v2\/posts\/107750","targetHints":{"allow":["GET"]}}],"collection":[{"href":"https:\/\/www.caririemacao.com\/1\/wp-json\/wp\/v2\/posts"}],"about":[{"href":"https:\/\/www.caririemacao.com\/1\/wp-json\/wp\/v2\/types\/post"}],"author":[{"embeddable":true,"href":"https:\/\/www.caririemacao.com\/1\/wp-json\/wp\/v2\/users\/1"}],"replies":[{"embeddable":true,"href":"https:\/\/www.caririemacao.com\/1\/wp-json\/wp\/v2\/comments?post=107750"}],"version-history":[{"count":1,"href":"https:\/\/www.caririemacao.com\/1\/wp-json\/wp\/v2\/posts\/107750\/revisions"}],"predecessor-version":[{"id":107752,"href":"https:\/\/www.caririemacao.com\/1\/wp-json\/wp\/v2\/posts\/107750\/revisions\/107752"}],"wp:featuredmedia":[{"embeddable":true,"href":"https:\/\/www.caririemacao.com\/1\/wp-json\/wp\/v2\/media\/107751"}],"wp:attachment":[{"href":"https:\/\/www.caririemacao.com\/1\/wp-json\/wp\/v2\/media?parent=107750"}],"wp:term":[{"taxonomy":"category","embeddable":true,"href":"https:\/\/www.caririemacao.com\/1\/wp-json\/wp\/v2\/categories?post=107750"},{"taxonomy":"post_tag","embeddable":true,"href":"https:\/\/www.caririemacao.com\/1\/wp-json\/wp\/v2\/tags?post=107750"}],"curies":[{"name":"wp","href":"https:\/\/api.w.org\/{rel}","templated":true}]}}