{"id":107759,"date":"2019-07-31T12:03:31","date_gmt":"2019-07-31T15:03:31","guid":{"rendered":"http:\/\/www.caririemacao.com\/1\/?p=107759"},"modified":"2019-07-31T12:03:31","modified_gmt":"2019-07-31T15:03:31","slug":"secretario-do-governo-da-paraiba-pede-exoneracao-do-cargo","status":"publish","type":"post","link":"https:\/\/www.caririemacao.com\/1\/2019\/07\/31\/secretario-do-governo-da-paraiba-pede-exoneracao-do-cargo\/","title":{"rendered":"Secret\u00e1rio do governo da Para\u00edba pede exonera\u00e7\u00e3o do cargo"},"content":{"rendered":"\n<p><br>O secret\u00e1rio de Comunica\u00e7\u00e3o Institucional do Governo do Estado da Para\u00edba, jornalista Lu\u00eds T\u00f4rres, anunciou nesta quinta-feira (31), que pediu ao governador Jo\u00e3o Azev\u00eado (PSB) a exonera\u00e7\u00e3o do cargo.<\/p>\n\n\n\n<p>T\u00f4rres estava no exerc\u00edcio da fun\u00e7\u00e3o desde o segundo ano do primeiro governo de Ricardo Coutinho (PSB), substituindo a jornalista Estela Bezerra (PSB), hoje deputada estadual e continuou na gest\u00e3o do atual governo.<\/p>\n\n\n\n<p>Em seu pedido, o jornalista alega cansa\u00e7o e que j\u00e1 estava na hora de dar uma pausa nos trabalhos e retornar ao mercado de trabalho como rep\u00f3rter do seu pr\u00f3prio blog pol\u00edtico, que leva o seu nome.<\/p>\n\n\n\n<figure class=\"wp-block-image\"><img decoding=\"async\" data-src=\"https:\/\/paraibaonline.com.br\/wp-content\/uploads\/2017\/09\/luis-torres3.jpg\" alt=\"\" class=\"wp-image-180786 lazyload\" src=\"data:image\/svg+xml;base64,PHN2ZyB3aWR0aD0iMSIgaGVpZ2h0PSIxIiB4bWxucz0iaHR0cDovL3d3dy53My5vcmcvMjAwMC9zdmciPjwvc3ZnPg==\" \/><\/figure>\n\n\n\n<p>Foto: Paraibaonline<\/p>\n\n\n\n<p>Ele disse que j\u00e1 tinha conversado algumas vezes com o governador Azev\u00eado revelando a inten\u00e7\u00e3o de retomar as atividades jornal\u00edsticas.<\/p>\n\n\n\n<p>O jornalista revelou ainda aos amigos que deixa o cargo tendo cumprido com todas as suas obriga\u00e7\u00f5es e que foi muito gratificante a experi\u00eancia da fun\u00e7\u00e3o que levar\u00e1 consigo como uma das mais relevantes para o seu curr\u00edculo de trabalho.<\/p>\n\n\n\n<p>\u201cFoi uma miss\u00e3o honrosa e prazerosa, mas a Pasta cansa. Basta perguntar a quem j\u00e1 passou por ela se quer voltar. Estou h\u00e1 seis anos no cargo e quero voltar ao mercado do jornalismo, que \u00e9 meu mundo real\u201d, ressaltou.<\/p>\n\n\n\n<p>A exonera\u00e7\u00e3o deve sair ainda esta semana no Di\u00e1rio Oficial do Estado. N\u00e3o foi revelado ainda quem iria substituir o jornalista.<\/p>\n\n\n\n<p>Em rela\u00e7\u00e3o ao seu trato administrativo com o governador Jo\u00e3o Azev\u00eado, fato este ventilado pelos bastidores de que o relacionamento entre eles n\u00e3o andava bem desde a campanha eleitoral, o jornalista negou e disse ser excelente e de respeito m\u00fatuo e que j\u00e1 havia manifestado por v\u00e1rias vezes ao governador o desejo de sair e partir para outros projetos.<\/p>\n","protected":false},"excerpt":{"rendered":"<p>O secret\u00e1rio de Comunica\u00e7\u00e3o Institucional do Governo do Estado da Para\u00edba, jornalista Lu\u00eds T\u00f4rres, anunciou nesta quinta-feira (31), que pediu ao governador Jo\u00e3o Azev\u00eado (PSB)&hellip; <\/p>\n","protected":false},"author":1,"featured_media":107760,"comment_status":"closed","ping_status":"closed","sticky":false,"template":"","format":"standard","meta":{"sfsi_plus_gutenberg_text_before_share":"","sfsi_plus_gutenberg_show_text_before_share":"","sfsi_plus_gutenberg_icon_type":"","sfsi_plus_gutenberg_icon_alignemt":"","sfsi_plus_gutenburg_max_per_row":"","footnotes":""},"categories":[11],"tags":[],"class_list":["post-107759","post","type-post","status-publish","format-standard","has-post-thumbnail","hentry","category-politica"],"_links":{"self":[{"href":"https:\/\/www.caririemacao.com\/1\/wp-json\/wp\/v2\/posts\/107759","targetHints":{"allow":["GET"]}}],"collection":[{"href":"https:\/\/www.caririemacao.com\/1\/wp-json\/wp\/v2\/posts"}],"about":[{"href":"https:\/\/www.caririemacao.com\/1\/wp-json\/wp\/v2\/types\/post"}],"author":[{"embeddable":true,"href":"https:\/\/www.caririemacao.com\/1\/wp-json\/wp\/v2\/users\/1"}],"replies":[{"embeddable":true,"href":"https:\/\/www.caririemacao.com\/1\/wp-json\/wp\/v2\/comments?post=107759"}],"version-history":[{"count":1,"href":"https:\/\/www.caririemacao.com\/1\/wp-json\/wp\/v2\/posts\/107759\/revisions"}],"predecessor-version":[{"id":107761,"href":"https:\/\/www.caririemacao.com\/1\/wp-json\/wp\/v2\/posts\/107759\/revisions\/107761"}],"wp:featuredmedia":[{"embeddable":true,"href":"https:\/\/www.caririemacao.com\/1\/wp-json\/wp\/v2\/media\/107760"}],"wp:attachment":[{"href":"https:\/\/www.caririemacao.com\/1\/wp-json\/wp\/v2\/media?parent=107759"}],"wp:term":[{"taxonomy":"category","embeddable":true,"href":"https:\/\/www.caririemacao.com\/1\/wp-json\/wp\/v2\/categories?post=107759"},{"taxonomy":"post_tag","embeddable":true,"href":"https:\/\/www.caririemacao.com\/1\/wp-json\/wp\/v2\/tags?post=107759"}],"curies":[{"name":"wp","href":"https:\/\/api.w.org\/{rel}","templated":true}]}}