{"id":107766,"date":"2019-07-31T12:05:10","date_gmt":"2019-07-31T15:05:10","guid":{"rendered":"http:\/\/www.caririemacao.com\/1\/?p=107766"},"modified":"2019-07-31T12:05:10","modified_gmt":"2019-07-31T15:05:10","slug":"ortopedista-explica-causa-de-dores-nas-articulacoes-durante-o-tempo-frio","status":"publish","type":"post","link":"https:\/\/www.caririemacao.com\/1\/2019\/07\/31\/ortopedista-explica-causa-de-dores-nas-articulacoes-durante-o-tempo-frio\/","title":{"rendered":"Ortopedista explica causa de dores nas articula\u00e7\u00f5es durante o tempo frio"},"content":{"rendered":"\n<p><br>O ortopedista Leonardo Cesar afirmou que no per\u00edodo mais frio do ano algumas pessoas sofrem com dores nas articula\u00e7\u00f5es devido ao atrofiamento de alguns m\u00fasculos do corpo. Ele explicou que os m\u00fasculos, quando comprimidos, sobrecarregam as articula\u00e7\u00f5es, causando dor.<\/p>\n\n\n\n<p>Leonardo ainda declarou que as pessoas que est\u00e3o sentindo dores nas articula\u00e7\u00f5es por conta do frio precisam se agasalhar, realizar exerc\u00edcios f\u00edsicos de forma regular e buscar sempre desestressar.<\/p>\n\n\n\n<figure class=\"wp-block-image\"><img decoding=\"async\" data-src=\"https:\/\/paraibaonline.com.br\/wp-content\/uploads\/2019\/07\/dores3107.jpg\" alt=\"Foto ilustrativa: Reprodu\u00e7\u00e3o\" class=\"wp-image-755131 lazyload\" src=\"data:image\/svg+xml;base64,PHN2ZyB3aWR0aD0iMSIgaGVpZ2h0PSIxIiB4bWxucz0iaHR0cDovL3d3dy53My5vcmcvMjAwMC9zdmciPjwvc3ZnPg==\" \/><\/figure>\n\n\n\n<p>Foto ilustrativa: Reprodu\u00e7\u00e3o<\/p>\n\n\n\n<p>\u2013 Quando acontece o frio, o corpo tem que aquecer e muitas vezes o agasalho n\u00e3o d\u00e1 conta e o m\u00fasculo come\u00e7a a atrofiar e encolhendo, vai sobrecarregar as articula\u00e7\u00f5es, principalmente coluna, quadril, joelho e tornozelo \u2013 disse.<\/p>\n\n\n\n<p>*As informa\u00e7\u00f5es foram concedidas \u00e0 R\u00e1dio Panor\u00e2mica FM<\/p>\n","protected":false},"excerpt":{"rendered":"<p>O ortopedista Leonardo Cesar afirmou que no per\u00edodo mais frio do ano algumas pessoas sofrem com dores nas articula\u00e7\u00f5es devido ao atrofiamento de alguns m\u00fasculos&hellip; <\/p>\n","protected":false},"author":1,"featured_media":107767,"comment_status":"closed","ping_status":"closed","sticky":false,"template":"","format":"standard","meta":{"sfsi_plus_gutenberg_text_before_share":"","sfsi_plus_gutenberg_show_text_before_share":"","sfsi_plus_gutenberg_icon_type":"","sfsi_plus_gutenberg_icon_alignemt":"","sfsi_plus_gutenburg_max_per_row":"","footnotes":""},"categories":[16],"tags":[],"class_list":["post-107766","post","type-post","status-publish","format-standard","has-post-thumbnail","hentry","category-saude"],"_links":{"self":[{"href":"https:\/\/www.caririemacao.com\/1\/wp-json\/wp\/v2\/posts\/107766","targetHints":{"allow":["GET"]}}],"collection":[{"href":"https:\/\/www.caririemacao.com\/1\/wp-json\/wp\/v2\/posts"}],"about":[{"href":"https:\/\/www.caririemacao.com\/1\/wp-json\/wp\/v2\/types\/post"}],"author":[{"embeddable":true,"href":"https:\/\/www.caririemacao.com\/1\/wp-json\/wp\/v2\/users\/1"}],"replies":[{"embeddable":true,"href":"https:\/\/www.caririemacao.com\/1\/wp-json\/wp\/v2\/comments?post=107766"}],"version-history":[{"count":1,"href":"https:\/\/www.caririemacao.com\/1\/wp-json\/wp\/v2\/posts\/107766\/revisions"}],"predecessor-version":[{"id":107768,"href":"https:\/\/www.caririemacao.com\/1\/wp-json\/wp\/v2\/posts\/107766\/revisions\/107768"}],"wp:featuredmedia":[{"embeddable":true,"href":"https:\/\/www.caririemacao.com\/1\/wp-json\/wp\/v2\/media\/107767"}],"wp:attachment":[{"href":"https:\/\/www.caririemacao.com\/1\/wp-json\/wp\/v2\/media?parent=107766"}],"wp:term":[{"taxonomy":"category","embeddable":true,"href":"https:\/\/www.caririemacao.com\/1\/wp-json\/wp\/v2\/categories?post=107766"},{"taxonomy":"post_tag","embeddable":true,"href":"https:\/\/www.caririemacao.com\/1\/wp-json\/wp\/v2\/tags?post=107766"}],"curies":[{"name":"wp","href":"https:\/\/api.w.org\/{rel}","templated":true}]}}