{"id":107779,"date":"2019-07-31T12:41:37","date_gmt":"2019-07-31T15:41:37","guid":{"rendered":"http:\/\/www.caririemacao.com\/1\/?p=107779"},"modified":"2019-07-31T12:41:37","modified_gmt":"2019-07-31T15:41:37","slug":"ufcg-abre-duas-vagas-para-professores-de-medicina-e-de-psicologia","status":"publish","type":"post","link":"https:\/\/www.caririemacao.com\/1\/2019\/07\/31\/ufcg-abre-duas-vagas-para-professores-de-medicina-e-de-psicologia\/","title":{"rendered":"UFCG abre duas vagas para professores de Medicina e de Psicologia"},"content":{"rendered":"\n<p>A Universidade Federal de Campina Grande (UFCG) lan\u00e7ou editais de processos seletivos simplificados visando a contrata\u00e7\u00e3o de dois professores substitutos para o Centro de Ci\u00eancias Biol\u00f3gicas e da Sa\u00fade (CCBS), campus Campina Grande. As vagas s\u00e3o para as \u00e1reas de Medicina e Psicologia.<\/p>\n\n\n\n<p><strong>Medicina<\/strong><br>Para concorrer \u00e0 vagas, exige-se gradua\u00e7\u00e3o em Medicina e especializa\u00e7\u00e3o, resid\u00eancia ou t\u00edtulo de especialista em Doen\u00e7as Infecciosas e Parasit\u00e1rias \u2013 \u00e1rea objeto da sele\u00e7\u00e3o. A carga hor\u00e1ria \u00e9 de 20 horas semanais.<\/p>\n\n\n\n<p><strong>Psicologia<\/strong><br>Com carga hor\u00e1ria de 40 horas semanais, exige-se que o candidato possua gradua\u00e7\u00e3o e mestrado em Psicologia ou em \u00e1reas conexas.<\/p>\n\n\n\n<p>As inscri\u00e7\u00f5es para as duas sele\u00e7\u00f5es acontecem de 13 a 16 de agosto no Protocolo Geral da UFCG, localizado no pr\u00e9dio da Reitoria, das 08h \u00e0s 12h e das 14h \u00e0s 18h. N\u00e3o ser\u00e1 cobrada taxa de inscri\u00e7\u00e3o.<\/p>\n\n\n\n<p>Confira editais:<\/p>\n\n\n\n<p><a href=\"http:\/\/150.165.9.254:3126\/ccbs\/component\/k2\/item\/44-Edital%20N%C2%BA%20006\/2019%20P.%20Sel.%20Simplificado%20-%20%20Professor%20Substituto%20UAMED\" target=\"_blank\" rel=\"noreferrer noopener\">Medicina<\/a><\/p>\n\n\n\n<p><a href=\"http:\/\/150.165.9.254:3126\/ccbs\/component\/k2\/item\/45-Edital%20N%C2%BA%20007\/2019%20P.%20Sel.%20Simplificado%20-%20%20Professor%20Substituto%20UAPSI\" target=\"_blank\" rel=\"noreferrer noopener\">Psicologia<\/a><\/p>\n","protected":false},"excerpt":{"rendered":"<p>A Universidade Federal de Campina Grande (UFCG) lan\u00e7ou editais de processos seletivos simplificados visando a contrata\u00e7\u00e3o de dois professores substitutos para o Centro de Ci\u00eancias&hellip; <\/p>\n","protected":false},"author":1,"featured_media":45404,"comment_status":"closed","ping_status":"closed","sticky":false,"template":"","format":"standard","meta":{"sfsi_plus_gutenberg_text_before_share":"","sfsi_plus_gutenberg_show_text_before_share":"","sfsi_plus_gutenberg_icon_type":"","sfsi_plus_gutenberg_icon_alignemt":"","sfsi_plus_gutenburg_max_per_row":"","footnotes":""},"categories":[14],"tags":[],"class_list":["post-107779","post","type-post","status-publish","format-standard","has-post-thumbnail","hentry","category-educacao"],"_links":{"self":[{"href":"https:\/\/www.caririemacao.com\/1\/wp-json\/wp\/v2\/posts\/107779","targetHints":{"allow":["GET"]}}],"collection":[{"href":"https:\/\/www.caririemacao.com\/1\/wp-json\/wp\/v2\/posts"}],"about":[{"href":"https:\/\/www.caririemacao.com\/1\/wp-json\/wp\/v2\/types\/post"}],"author":[{"embeddable":true,"href":"https:\/\/www.caririemacao.com\/1\/wp-json\/wp\/v2\/users\/1"}],"replies":[{"embeddable":true,"href":"https:\/\/www.caririemacao.com\/1\/wp-json\/wp\/v2\/comments?post=107779"}],"version-history":[{"count":1,"href":"https:\/\/www.caririemacao.com\/1\/wp-json\/wp\/v2\/posts\/107779\/revisions"}],"predecessor-version":[{"id":107780,"href":"https:\/\/www.caririemacao.com\/1\/wp-json\/wp\/v2\/posts\/107779\/revisions\/107780"}],"wp:featuredmedia":[{"embeddable":true,"href":"https:\/\/www.caririemacao.com\/1\/wp-json\/wp\/v2\/media\/45404"}],"wp:attachment":[{"href":"https:\/\/www.caririemacao.com\/1\/wp-json\/wp\/v2\/media?parent=107779"}],"wp:term":[{"taxonomy":"category","embeddable":true,"href":"https:\/\/www.caririemacao.com\/1\/wp-json\/wp\/v2\/categories?post=107779"},{"taxonomy":"post_tag","embeddable":true,"href":"https:\/\/www.caririemacao.com\/1\/wp-json\/wp\/v2\/tags?post=107779"}],"curies":[{"name":"wp","href":"https:\/\/api.w.org\/{rel}","templated":true}]}}