{"id":107795,"date":"2019-07-31T12:52:15","date_gmt":"2019-07-31T15:52:15","guid":{"rendered":"http:\/\/www.caririemacao.com\/1\/?p=107795"},"modified":"2019-07-31T12:52:15","modified_gmt":"2019-07-31T15:52:15","slug":"nem-tem-presa-nem-tem-nome-diz-joao-azevedo-sobre-saida-de-luis-torres-da-gestao","status":"publish","type":"post","link":"https:\/\/www.caririemacao.com\/1\/2019\/07\/31\/nem-tem-presa-nem-tem-nome-diz-joao-azevedo-sobre-saida-de-luis-torres-da-gestao\/","title":{"rendered":"&#8220;Nem tem presa, nem tem nome&#8221;, diz Jo\u00e3o Azev\u00eado sobre sa\u00edda de Lu\u00eds T\u00f4rres da gest\u00e3o"},"content":{"rendered":"\n<p>O governador Jo\u00e3o Azev\u00eado afirmou em entrevista na manh\u00e3 desta quarta-feira (31) que vem conversando com Lu\u00edz T\u00f4rres sobre uma reformula\u00e7\u00e3o na Secretaria de Comunica\u00e7\u00e3o do Estado. T\u00f4rres, que atualmente \u00e9 o titular da pasta, confirmou que tem a inten\u00e7\u00e3o de deixar o comando da Secretaria para se dedicar a outros trabalhos.<\/p>\n\n\n\n<p>Em entrevista coletiva na cidade de Sousa, pela manh\u00e3, Jo\u00e3o Azev\u00eado declarou que at\u00e9 o momento n\u00e3o h\u00e1 defini\u00e7\u00e3o sobre o nome que ir\u00e1 substituir Lu\u00eds T\u00f4rres.&nbsp;<\/p>\n\n\n\n<p>&#8220;N\u00e3o h\u00e1 defini\u00e7\u00e3o de nome de ningu\u00e9m. N\u00f3s estamos discutindo. Essa \u00e9 uma conversa que eu venho mantendo com o secret\u00e1rio Lu\u00eds T\u00f4rres j\u00e1 h\u00e1 algum tempo. Mas nem tem pressa, nem tem nome definido&#8221;, refor\u00e7ou o governador.<\/p>\n\n\n\n<p>Lu\u00eds T\u00f4rres est\u00e1 no cargo de secret\u00e1rio de Comunica\u00e7\u00e3o da Para\u00edba desde 2013, no governo de Ricardo Coutinho. Em 2019, quando Jo\u00e3o Azev\u00eado assumiu o cargo de governador, decidiu manter T\u00f4rres no cargo<\/p>\n","protected":false},"excerpt":{"rendered":"<p>O governador Jo\u00e3o Azev\u00eado afirmou em entrevista na manh\u00e3 desta quarta-feira (31) que vem conversando com Lu\u00edz T\u00f4rres sobre uma reformula\u00e7\u00e3o na Secretaria de Comunica\u00e7\u00e3o&hellip; <\/p>\n","protected":false},"author":1,"featured_media":101120,"comment_status":"closed","ping_status":"closed","sticky":false,"template":"","format":"standard","meta":{"sfsi_plus_gutenberg_text_before_share":"","sfsi_plus_gutenberg_show_text_before_share":"","sfsi_plus_gutenberg_icon_type":"","sfsi_plus_gutenberg_icon_alignemt":"","sfsi_plus_gutenburg_max_per_row":"","footnotes":""},"categories":[11],"tags":[],"class_list":["post-107795","post","type-post","status-publish","format-standard","has-post-thumbnail","hentry","category-politica"],"_links":{"self":[{"href":"https:\/\/www.caririemacao.com\/1\/wp-json\/wp\/v2\/posts\/107795","targetHints":{"allow":["GET"]}}],"collection":[{"href":"https:\/\/www.caririemacao.com\/1\/wp-json\/wp\/v2\/posts"}],"about":[{"href":"https:\/\/www.caririemacao.com\/1\/wp-json\/wp\/v2\/types\/post"}],"author":[{"embeddable":true,"href":"https:\/\/www.caririemacao.com\/1\/wp-json\/wp\/v2\/users\/1"}],"replies":[{"embeddable":true,"href":"https:\/\/www.caririemacao.com\/1\/wp-json\/wp\/v2\/comments?post=107795"}],"version-history":[{"count":1,"href":"https:\/\/www.caririemacao.com\/1\/wp-json\/wp\/v2\/posts\/107795\/revisions"}],"predecessor-version":[{"id":107796,"href":"https:\/\/www.caririemacao.com\/1\/wp-json\/wp\/v2\/posts\/107795\/revisions\/107796"}],"wp:featuredmedia":[{"embeddable":true,"href":"https:\/\/www.caririemacao.com\/1\/wp-json\/wp\/v2\/media\/101120"}],"wp:attachment":[{"href":"https:\/\/www.caririemacao.com\/1\/wp-json\/wp\/v2\/media?parent=107795"}],"wp:term":[{"taxonomy":"category","embeddable":true,"href":"https:\/\/www.caririemacao.com\/1\/wp-json\/wp\/v2\/categories?post=107795"},{"taxonomy":"post_tag","embeddable":true,"href":"https:\/\/www.caririemacao.com\/1\/wp-json\/wp\/v2\/tags?post=107795"}],"curies":[{"name":"wp","href":"https:\/\/api.w.org\/{rel}","templated":true}]}}