{"id":107797,"date":"2019-07-31T12:55:29","date_gmt":"2019-07-31T15:55:29","guid":{"rendered":"http:\/\/www.caririemacao.com\/1\/?p=107797"},"modified":"2019-07-31T12:55:29","modified_gmt":"2019-07-31T15:55:29","slug":"taxa-de-desemprego-cai-e-fica-em-12-no-segundo-trimestre-de-2019","status":"publish","type":"post","link":"https:\/\/www.caririemacao.com\/1\/2019\/07\/31\/taxa-de-desemprego-cai-e-fica-em-12-no-segundo-trimestre-de-2019\/","title":{"rendered":"Taxa de desemprego cai e fica em 12% no segundo trimestre de 2019"},"content":{"rendered":"\n<p>A taxa de desemprego no Brasil fechou em 12% no segundo trimestre de 2019, informou o IBGE (Instituto Brasileiro de Geografia e Estat\u00edstica) nesta quarta-feira (31).O percentual est\u00e1 abaixo dos 12,7% registrados nos tr\u00eas primeiros meses do ano. E \u00e9 menor tamb\u00e9m do que os 12,4% registrados no mesmo trimestre de 2018.<\/p>\n\n\n\n<p>Os n\u00fameros divulgados nesta quarta-feira (31) representam o recuo de 621 mil em busca de trabalho em compara\u00e7\u00e3o ao trimestre anterior, permanecendo est\u00e1vel em rela\u00e7\u00e3o ao mesmo per\u00edodo de 2018. No total, s\u00e3o 12,8 milh\u00f5es de pessoas desocupadas.<\/p>\n\n\n\n<p>A popula\u00e7\u00e3o ocupada, por sua vez, ficou em 93,3 milh\u00f5es e cresceu 1,6% em compara\u00e7\u00e3o a janeiro, fevereiro e mar\u00e7o de 2019. S\u00e3o 1,479 milh\u00e3o de pessoas a mais com alguma ocupa\u00e7\u00e3o. No segundo trimestre do ano passado, o n\u00famero tamb\u00e9m cresceu 2,6%, ou 2,401 milh\u00e3o pessoas.<\/p>\n\n\n\n<p>No setor privado, foram 33,2 milh\u00f5es de pessoas com carteira assinada, subindo 0,9% (294 mil pessoas) em compara\u00e7\u00e3o ao trimestre anterior, e 1,4% (450 mil pessoas) frente ao mesmo per\u00edodo de 2018.Por outro lado, o n\u00famero de trabalhadores sem carteira assinada tamb\u00e9m subiu nas duas compara\u00e7\u00f5es. S\u00e3o 11,5 milh\u00f5es, subindo 3,4% (376 mil pessoas) com rela\u00e7\u00e3o ao primeiro trimestre do ano e 5,2% (565 mil pessoas) comparando com o segundo trimestre de 2018.<\/p>\n\n\n\n<p>Outro item que caiu foi o rendimento m\u00e9dio habitual, que ficou em R$ 2.290, 1,3% a menos do que no trimestre anterior e sem varia\u00e7\u00e3o significativa com o mesmo per\u00edodo do ano passado.<\/p>\n","protected":false},"excerpt":{"rendered":"<p>A taxa de desemprego no Brasil fechou em 12% no segundo trimestre de 2019, informou o IBGE (Instituto Brasileiro de Geografia e Estat\u00edstica) nesta quarta-feira&hellip; <\/p>\n","protected":false},"author":1,"featured_media":86279,"comment_status":"closed","ping_status":"closed","sticky":false,"template":"","format":"standard","meta":{"sfsi_plus_gutenberg_text_before_share":"","sfsi_plus_gutenberg_show_text_before_share":"","sfsi_plus_gutenberg_icon_type":"","sfsi_plus_gutenberg_icon_alignemt":"","sfsi_plus_gutenburg_max_per_row":"","footnotes":""},"categories":[11],"tags":[],"class_list":["post-107797","post","type-post","status-publish","format-standard","has-post-thumbnail","hentry","category-politica"],"_links":{"self":[{"href":"https:\/\/www.caririemacao.com\/1\/wp-json\/wp\/v2\/posts\/107797","targetHints":{"allow":["GET"]}}],"collection":[{"href":"https:\/\/www.caririemacao.com\/1\/wp-json\/wp\/v2\/posts"}],"about":[{"href":"https:\/\/www.caririemacao.com\/1\/wp-json\/wp\/v2\/types\/post"}],"author":[{"embeddable":true,"href":"https:\/\/www.caririemacao.com\/1\/wp-json\/wp\/v2\/users\/1"}],"replies":[{"embeddable":true,"href":"https:\/\/www.caririemacao.com\/1\/wp-json\/wp\/v2\/comments?post=107797"}],"version-history":[{"count":1,"href":"https:\/\/www.caririemacao.com\/1\/wp-json\/wp\/v2\/posts\/107797\/revisions"}],"predecessor-version":[{"id":107798,"href":"https:\/\/www.caririemacao.com\/1\/wp-json\/wp\/v2\/posts\/107797\/revisions\/107798"}],"wp:featuredmedia":[{"embeddable":true,"href":"https:\/\/www.caririemacao.com\/1\/wp-json\/wp\/v2\/media\/86279"}],"wp:attachment":[{"href":"https:\/\/www.caririemacao.com\/1\/wp-json\/wp\/v2\/media?parent=107797"}],"wp:term":[{"taxonomy":"category","embeddable":true,"href":"https:\/\/www.caririemacao.com\/1\/wp-json\/wp\/v2\/categories?post=107797"},{"taxonomy":"post_tag","embeddable":true,"href":"https:\/\/www.caririemacao.com\/1\/wp-json\/wp\/v2\/tags?post=107797"}],"curies":[{"name":"wp","href":"https:\/\/api.w.org\/{rel}","templated":true}]}}