{"id":107805,"date":"2019-07-31T13:01:17","date_gmt":"2019-07-31T16:01:17","guid":{"rendered":"http:\/\/www.caririemacao.com\/1\/?p=107805"},"modified":"2019-07-31T13:01:17","modified_gmt":"2019-07-31T16:01:17","slug":"sem-neymar-e-marta-tite-e-o-brasileiro-na-lista-para-melhor-do-mundo","status":"publish","type":"post","link":"https:\/\/www.caririemacao.com\/1\/2019\/07\/31\/sem-neymar-e-marta-tite-e-o-brasileiro-na-lista-para-melhor-do-mundo\/","title":{"rendered":"Sem Neymar e Marta, Tite \u00e9 o brasileiro na lista para melhor do mundo"},"content":{"rendered":"\n<p>Tite, t\u00e9cnico da sele\u00e7\u00e3o, \u00e9 o \u00fanico brasileiro com chance de ser eleito melhor do mundo no pr\u00eamio anual da Fifa.Ele est\u00e1 na lista dos dez treinadores indicados pela entidade.&nbsp;<\/p>\n\n\n\n<p>Na escolha de melhor jogador, n\u00e3o h\u00e1 nenhum atleta do pa\u00eds nas categorias masculina e feminina.&nbsp;<\/p>\n\n\n\n<p>Entre as brasileiras, Marta, vencedora seis vezes e atual dona do trof\u00e9u, n\u00e3o foi selecionada. J\u00e1 se esperava que Neymar, que teve temporada sem brilho, interrompida por les\u00f5es e com problemas fora de campo, n\u00e3o fosse indicado. Um dos nomes especulados a aparecer era o do goleiro Alisson, do Liverpool (ING). Mas isso n\u00e3o aconteceu.&nbsp;<\/p>\n\n\n\n<p>Tite \u00e9 um dos quatro sul-americanos na lista de dez divulgada pela Federa\u00e7\u00e3o.&nbsp;<br>Os outros s\u00e3o os argentinos Ricardo Gareca (sele\u00e7\u00e3o do Peru), Marcelo Gallardo (River Plate-ARG) e Mauricio Pochettino (Tottenham Hostpur-ING).&nbsp;<\/p>\n\n\n\n<p>Eles v\u00e3o disputar o pr\u00eamio de melhor da temporada com o argelino Djamel Belmadi (sele\u00e7\u00e3o da Arg\u00e9lia), o franc\u00eas Didier Deschamps (sele\u00e7\u00e3o da Fran\u00e7a), o espanhol Pep Guardiola (Manchester City-ING), o alem\u00e3o Jurgen Klopp (Liverpool-ALE), o portugu\u00eas Fernando Santos (sele\u00e7\u00e3o de Portugal) e o holand\u00eas Erik ten Hag (Ajax-HOL).<\/p>\n\n\n\n<p>O maior trunfo para Tite \u00e9 o t\u00edtulo da Copa Am\u00e9rica deste ano, mas conta tamb\u00e9m a seu favor os resultados, mesmo de amistosos. Em 38 partidas no comando da sele\u00e7\u00e3o, a equipe sofreu apenas duas derrotas.<\/p>\n\n\n\n<p>O pr\u00eamio de melhor t\u00e9cnico \u00e9 entregue desde 2016 e um brasileiro jamais foi vencedor. O atual dono do trof\u00e9u \u00e9 Didier Deschamps, eleito por causa do t\u00edtulo mundial obtido pela Fran\u00e7a no ano passado.<\/p>\n\n\n\n<p>Cristiano Ronaldo e Lionel Messi, \u00fanico sul-americano indicado, podem voltar a vencer na categoria de melhor jogador, algo que aconteceu entre 2008 e 2017. A sequ\u00eancia foi interrompida por Luka Modric no ano passado. Os astros de Juventus (ITA) e Barcelona (ESP) s\u00e3o dois dos dez nomes divulgados pela Fifa.&nbsp;<\/p>\n\n\n\n<p>Modric n\u00e3o entrou sequer na rela\u00e7\u00e3o dos dez melhores para 2019.&nbsp;<\/p>\n\n\n\n<p>Ronaldo e Messi v\u00e3o concorrer com os holandeses Frank de Jong (indicado pelo Ajax-HOL, mas agora no Barcelona), Matthis de Ligt (indicado pelo Ajax-HOL, mas agora na Juventus) e Virgil van Dijk (Liverpool-HOL), o ingl\u00eas Harry Kane (Tottenham Hotspur-ING), o belga Eden Hazard (indicado pelo Chelsea-ING, mas agora no Real Madrid-ESP), o senegal\u00eas Sadio Man\u00e9 (Liverpool-ING), o franc\u00eas Kylian Mbapp\u00e9 (PSG-FRA) e o eg\u00edpcio Mohamed Salah (Liverpool-ING).&nbsp;<\/p>\n\n\n\n<p>O an\u00fancio do vencedor e a entrega do pr\u00eamio acontecer\u00e3o em cerim\u00f4nia a ser realizada em Mil\u00e3o, na It\u00e1lia, em 13 de setembro.<\/p>\n\n\n\n<p>Entre as mulheres, uma das favoritas ser\u00e1 a americana Megan Rapinoe, l\u00edder da sele\u00e7\u00e3o dos Estados Unidos campe\u00e3 mundial neste ano na Fran\u00e7a e eleita a melhor do torneio.&nbsp;<\/p>\n\n\n\n<p>Ela \u00e9 uma das quatro jogadoras da equipe vencedora da Copa do Mundo que est\u00e3o na lista da Fifa. Est\u00e1 ao lado de Alex Morgan, Julie Ertz e Rose Lavelle.<\/p>\n\n\n\n<p>As demais indicadas s\u00e3o as inglesas Lucy Bronze e Ellen White, as norueguesas Caroline Graham Hansen e Ada Heggerberg, as francesas Amandine Henry e Wendie Renard, a australiana Sam Kerr e a holandesa Viviane Miedema.&nbsp;<\/p>\n\n\n\n<p>Nenhum sul-americano foi indicado na categoria para melhor t\u00e9cnico (ou t\u00e9cnica) do futebol feminino. Seis homens e quatro mulheres entraram na lista: Milena Bertolini (sele\u00e7\u00e3o da It\u00e1lia), Jill Ellis (sele\u00e7\u00e3o dos Estados Unidos), Peter Gerhardsson (sele\u00e7\u00e3o da Su\u00e9cia), Futoshi Ikeda (sele\u00e7\u00e3o sub-20 do Jap\u00e3o), Antonia Is (sele\u00e7\u00e3o sub-17 da Espanha), Joe Montemurro (australiano que comanda o Arsenal-ING), Phi Neville (sele\u00e7\u00e3o inglesa), Reynald Pedros (sele\u00e7\u00e3o da Fran\u00e7a), Paul Riley (ingl\u00eas treinador do North Carolina Courage) e Sarina Wiegman (sele\u00e7\u00e3o da Holanda).<\/p>\n\n\n\n<p>Para cada categoria, a Fifa vai divulgar os tr\u00eas finalistas em uma data ainda a ser definida.&nbsp;<\/p>\n","protected":false},"excerpt":{"rendered":"<p>Tite, t\u00e9cnico da sele\u00e7\u00e3o, \u00e9 o \u00fanico brasileiro com chance de ser eleito melhor do mundo no pr\u00eamio anual da Fifa.Ele est\u00e1 na lista dos&hellip; <\/p>\n","protected":false},"author":1,"featured_media":107807,"comment_status":"closed","ping_status":"closed","sticky":false,"template":"","format":"standard","meta":{"sfsi_plus_gutenberg_text_before_share":"","sfsi_plus_gutenberg_show_text_before_share":"","sfsi_plus_gutenberg_icon_type":"","sfsi_plus_gutenberg_icon_alignemt":"","sfsi_plus_gutenburg_max_per_row":"","footnotes":""},"categories":[13],"tags":[],"class_list":["post-107805","post","type-post","status-publish","format-standard","has-post-thumbnail","hentry","category-esportes"],"_links":{"self":[{"href":"https:\/\/www.caririemacao.com\/1\/wp-json\/wp\/v2\/posts\/107805","targetHints":{"allow":["GET"]}}],"collection":[{"href":"https:\/\/www.caririemacao.com\/1\/wp-json\/wp\/v2\/posts"}],"about":[{"href":"https:\/\/www.caririemacao.com\/1\/wp-json\/wp\/v2\/types\/post"}],"author":[{"embeddable":true,"href":"https:\/\/www.caririemacao.com\/1\/wp-json\/wp\/v2\/users\/1"}],"replies":[{"embeddable":true,"href":"https:\/\/www.caririemacao.com\/1\/wp-json\/wp\/v2\/comments?post=107805"}],"version-history":[{"count":1,"href":"https:\/\/www.caririemacao.com\/1\/wp-json\/wp\/v2\/posts\/107805\/revisions"}],"predecessor-version":[{"id":107808,"href":"https:\/\/www.caririemacao.com\/1\/wp-json\/wp\/v2\/posts\/107805\/revisions\/107808"}],"wp:featuredmedia":[{"embeddable":true,"href":"https:\/\/www.caririemacao.com\/1\/wp-json\/wp\/v2\/media\/107807"}],"wp:attachment":[{"href":"https:\/\/www.caririemacao.com\/1\/wp-json\/wp\/v2\/media?parent=107805"}],"wp:term":[{"taxonomy":"category","embeddable":true,"href":"https:\/\/www.caririemacao.com\/1\/wp-json\/wp\/v2\/categories?post=107805"},{"taxonomy":"post_tag","embeddable":true,"href":"https:\/\/www.caririemacao.com\/1\/wp-json\/wp\/v2\/tags?post=107805"}],"curies":[{"name":"wp","href":"https:\/\/api.w.org\/{rel}","templated":true}]}}