{"id":107822,"date":"2019-07-31T13:06:02","date_gmt":"2019-07-31T16:06:02","guid":{"rendered":"http:\/\/www.caririemacao.com\/1\/?p=107822"},"modified":"2019-07-31T13:06:02","modified_gmt":"2019-07-31T16:06:02","slug":"janaina-pede-impeachment-de-toffoli-por-decisao-que-beneficiou-flavio-bolsonaro","status":"publish","type":"post","link":"https:\/\/www.caririemacao.com\/1\/2019\/07\/31\/janaina-pede-impeachment-de-toffoli-por-decisao-que-beneficiou-flavio-bolsonaro\/","title":{"rendered":"Janaina pede impeachment de Toffoli por decis\u00e3o que beneficiou Fl\u00e1vio Bolsonaro"},"content":{"rendered":"\n<p>A deputada estadual Janaina Paschoal (PSL-SP), autora do pedido de impeachment contra Dilma Rousseff e recordista com mais de 2 milh\u00f5es de votos, protocolou na ter\u00e7a (30) um pedido de impeachment contra o presidente do STF (Supremo Tribunal Federal), ministro Dias Toffoli.&nbsp;<\/p>\n\n\n\n<p>No \u00faltimo dia 16, a pedido do senador Fl\u00e1vio Bolsonaro (PSL-RJ), Toffoli determinou a suspens\u00e3o de investiga\u00e7\u00f5es criminais pelo pa\u00eds que usem dados detalhados de \u00f3rg\u00e3os de controle -como Coaf, Receita Federal e Banco Central\u2013sem autoriza\u00e7\u00e3o judicial. A medida paralisou uma s\u00e9rie de investiga\u00e7\u00f5es contra corrup\u00e7\u00e3o.&nbsp;<\/p>\n\n\n\n<p>Segundo Janaina argumenta no pedido de impeachment, a decis\u00e3o de Toffoli contraria a Constitui\u00e7\u00e3o Federal e o entendimento do pr\u00f3prio STF. Ela diz que a Primeira Turma j\u00e1 julgou que o Coaf pode enviar movimenta\u00e7\u00f5es que considera suspeitas ao Minist\u00e9rio P\u00fablico.<\/p>\n\n\n\n<p>&#8220;O fato de o ministro desrespeitar entendimento anterior j\u00e1 seria question\u00e1vel, o fato de, em pleno recesso, em peti\u00e7\u00e3o avulsa, paralisar todas as investiga\u00e7\u00f5es contra organiza\u00e7\u00f5es criminosas do pa\u00eds tamb\u00e9m j\u00e1 seria pass\u00edvel de grande estranhamento, mas o que torna a a\u00e7\u00e3o criminosa \u00e9 justamente o contexto em que se deu&#8221;, aponta Janaina.<\/p>\n\n\n\n<p>A deputada diz que desde 2013 o pa\u00eds passa por um &#8220;processo de depura\u00e7\u00e3o&#8221;, citando manifesta\u00e7\u00f5es de rua e pris\u00e3o de pol\u00edticos poderosos. Janaina afirma que isso levou \u00e0 polariza\u00e7\u00e3o do pa\u00eds, sendo que esquerdistas questionavam as investiga\u00e7\u00f5es e direitistas as apoiavam.<\/p>\n\n\n\n<p>&#8220;Pois bem, detentor de intelig\u00eancia rara, o ministro denunciado sabia que se prolatasse a decis\u00e3o criminosa em pleito oriundo de um pol\u00edtico esquerdista, em poucos minutos, as ruas estariam repletas de manifestantes. A fim de neutralizar a resist\u00eancia popular, o denunciado aguardou que chegasse as suas m\u00e3os um pedido perfeito, justamente o pedido (atravessado em peti\u00e7\u00e3o avulsa) do filho do presidente da Rep\u00fablica, de matriz declaradamente direitista&#8221;, escreve.&nbsp;<\/p>\n\n\n\n<p>Janaina diz ainda que Toffoli agiu em benef\u00edcio pr\u00f3prio, por estar incomodado com a atua\u00e7\u00e3o do Coaf e da Receita. Sua mulher se tornou alvo de investiga\u00e7\u00e3o da Receita Federal por repassar a ele uma mesada de R$ 100 mil desde 2015, segundo revelou a revista Cruso\u00e9.&nbsp;<\/p>\n\n\n\n<p>O pedido de impeachment foi entregue ao presidente do Senado, Davi Alcolumbre (DEM-AP), a quem cabe arquivar ou dar prosseguimento ao julgamento de crimes de responsabilidade cometidos por ministros do STF.&nbsp;<\/p>\n\n\n\n<p>A deputada j\u00e1 havia dado diversas declara\u00e7\u00f5es de discord\u00e2ncia em rela\u00e7\u00e3o \u00e0 decis\u00e3o de Toffoli. Pelo Twitter, afirmou que a medida &#8220;pode significar uma derrota consider\u00e1vel na guerra contra a corrup\u00e7\u00e3o e um primeiro passo para anular processos e at\u00e9 condena\u00e7\u00f5es&#8221;.<\/p>\n\n\n\n<p>Janaina chegou a dizer que a popula\u00e7\u00e3o deveria compreender &#8220;a gravidade do golpe em curso&#8221;.<\/p>\n\n\n\n<p>&#8220;Gente, uma decis\u00e3o dessa magnitude, dada em uma peti\u00e7\u00e3o avulsa&#8230; N\u00e3o \u00e9 poss\u00edvel! Desculpem, n\u00e3o \u00e9 hora de ficar com partidarismo. Caiam na real, o pa\u00eds \u00e9 o que importa! Parem com essa xaropada de direita e esquerda, temos que preservar as institui\u00e7\u00f5es!&#8221;, tuitou.<\/p>\n","protected":false},"excerpt":{"rendered":"<p>A deputada estadual Janaina Paschoal (PSL-SP), autora do pedido de impeachment contra Dilma Rousseff e recordista com mais de 2 milh\u00f5es de votos, protocolou na&hellip; <\/p>\n","protected":false},"author":1,"featured_media":107823,"comment_status":"closed","ping_status":"closed","sticky":false,"template":"","format":"standard","meta":{"sfsi_plus_gutenberg_text_before_share":"","sfsi_plus_gutenberg_show_text_before_share":"","sfsi_plus_gutenberg_icon_type":"","sfsi_plus_gutenberg_icon_alignemt":"","sfsi_plus_gutenburg_max_per_row":"","footnotes":""},"categories":[11],"tags":[],"class_list":["post-107822","post","type-post","status-publish","format-standard","has-post-thumbnail","hentry","category-politica"],"_links":{"self":[{"href":"https:\/\/www.caririemacao.com\/1\/wp-json\/wp\/v2\/posts\/107822","targetHints":{"allow":["GET"]}}],"collection":[{"href":"https:\/\/www.caririemacao.com\/1\/wp-json\/wp\/v2\/posts"}],"about":[{"href":"https:\/\/www.caririemacao.com\/1\/wp-json\/wp\/v2\/types\/post"}],"author":[{"embeddable":true,"href":"https:\/\/www.caririemacao.com\/1\/wp-json\/wp\/v2\/users\/1"}],"replies":[{"embeddable":true,"href":"https:\/\/www.caririemacao.com\/1\/wp-json\/wp\/v2\/comments?post=107822"}],"version-history":[{"count":1,"href":"https:\/\/www.caririemacao.com\/1\/wp-json\/wp\/v2\/posts\/107822\/revisions"}],"predecessor-version":[{"id":107824,"href":"https:\/\/www.caririemacao.com\/1\/wp-json\/wp\/v2\/posts\/107822\/revisions\/107824"}],"wp:featuredmedia":[{"embeddable":true,"href":"https:\/\/www.caririemacao.com\/1\/wp-json\/wp\/v2\/media\/107823"}],"wp:attachment":[{"href":"https:\/\/www.caririemacao.com\/1\/wp-json\/wp\/v2\/media?parent=107822"}],"wp:term":[{"taxonomy":"category","embeddable":true,"href":"https:\/\/www.caririemacao.com\/1\/wp-json\/wp\/v2\/categories?post=107822"},{"taxonomy":"post_tag","embeddable":true,"href":"https:\/\/www.caririemacao.com\/1\/wp-json\/wp\/v2\/tags?post=107822"}],"curies":[{"name":"wp","href":"https:\/\/api.w.org\/{rel}","templated":true}]}}