{"id":107829,"date":"2019-07-31T14:06:07","date_gmt":"2019-07-31T17:06:07","guid":{"rendered":"http:\/\/www.caririemacao.com\/1\/?p=107829"},"modified":"2019-07-31T14:06:07","modified_gmt":"2019-07-31T17:06:07","slug":"bolsonaro-diz-que-novos-dados-sobre-desmatamento-podem-sair-hoje","status":"publish","type":"post","link":"https:\/\/www.caririemacao.com\/1\/2019\/07\/31\/bolsonaro-diz-que-novos-dados-sobre-desmatamento-podem-sair-hoje\/","title":{"rendered":"Bolsonaro diz que novos dados sobre desmatamento podem sair hoje"},"content":{"rendered":"\n<p>O presidente Jair Bolsonaro acenou hoje (31) com a possibilidade de divulgar novos dados sobre o desmatamento no pa\u00eds. No \u00faltimo s\u00e1bado (27), em evento no Rio de Janeiro,&nbsp;<a href=\"http:\/\/agenciabrasil.ebc.com.br\/politica\/noticia\/2019-07\/bolsonaro-diz-que-jornalista-nao-precisa-se-preocupar-com-deportacao\" target=\"_blank\" rel=\"noreferrer noopener\">o presidente havia prometido uma \u201csurpresa\u201d relacionada ao Instituto Nacional de Pesquisas Espaciais (Inpe)<\/a>. Na ocasi\u00e3o, o presidente disse que haveria surpresa sobre os dados de desmatamento divulgados pelo instituto no in\u00edcio de julho.<\/p>\n\n\n\n<p>\u201cEspera hoje que vamos dar o dado real para voc\u00eas\u201d, disse Bolsonaro ap\u00f3s a assinatura do contrato de concess\u00e3o da Ferrovia-Norte Sul, em An\u00e1polis, do trecho compreendido entre Porto Nacional (TO) e Estrela D&#8217;Oeste (SP).<\/p>\n\n\n\n<p>Desde a divulga\u00e7\u00e3o das informa\u00e7\u00f5es sobre o desmatamento na Amaz\u00f4nia, Bolsonaro questiona os dados do instituto. De acordo com o presidente, os n\u00fameros que devem ser divulgados nesta quarta-feira (31) mostram o cen\u00e1rio real de desmatamento e seriam diferentes dos apresentados pelo \u00f3rg\u00e3o.<\/p>\n\n\n\n<p>\u201cEu pedi para dois ministros, da Infraestrutura [Tarc\u00edsio Gomes de Freitas] e do Meio Ambiente [Ricardo Salles] que averiguassem os dados. Foi uma varia\u00e7\u00e3o muito abrupta. \u00c9 a mesma coisa de voc\u00ea estar gastando R$ 200 de energia el\u00e9trica e de repente a conta vai para R$ 400. Alguma coisa aconteceu. E a desconfian\u00e7a nossa \u00e9 por a\u00ed\u201d.<\/p>\n\n\n\n<h2 class=\"wp-block-heading\">Inpe<\/h2>\n\n\n\n<p>Dados divulgados pelo Inpe no in\u00edcio deste m\u00eas, informam que o desmatamento na Amaz\u00f4nia Legal brasileira atingiu 920,4 quil\u00f4metros quadrados em junho, um aumento de 88% em compara\u00e7\u00e3o com o mesmo per\u00edodo do ano passado.<\/p>\n\n\n\n<p>\u201cTalvez naquela \u00e1rea da regi\u00e3o amaz\u00f4nica, voc\u00ea tem a reserva de 80% de mata e a previs\u00e3o de o fazendeiro usar 20% desse total. Da\u00ed aquele fazendeiro resolveu utilizar esses 20%, e isso \u00e9 um alerta de desmatamento, e nesse alerta voc\u00ea vai tomar conhecimento que aquela \u00e1rea poderia ser desmatada ou n\u00e3o. \u00c9 isso que acontece\u201d, disse o presidente, sem dar mais detalhes sobre as novas informa\u00e7\u00f5es.<\/p>\n\n\n\n<p>De acordo com Bolsonaro, a divulga\u00e7\u00e3o de informa\u00e7\u00f5es ambientais diretamente pelo Inpe prejudica o pa\u00eds em negocia\u00e7\u00f5es comerciais conduzidas pelo governo brasileiro com outros pa\u00edses, entre elas o acordo entre o Mercosul e a Uni\u00e3o Europeia, fechado recentemente, em que salvaguardas ambientais podem ser acionadas para bloquear eventuais redu\u00e7\u00e3o de tarifas comerciais.<\/p>\n\n\n\n<p>\u201cIsso atrapalha a gente nesse momento em que estamos nos aproximando dos Estados Unidos, da Coreia do Sul, do Jap\u00e3o. Vamos consolidar o Mercosul, e isso atrapalha a gente. Um dado importante como esse, a pessoa respons\u00e1vel tem que ter certeza do que est\u00e1 falando\u201d, disse.<\/p>\n\n\n\n<h2 class=\"wp-block-heading\">Ferrovia Norte-Sul<\/h2>\n\n\n\n<p>A assinatura do contrato de concess\u00e3o da Ferrovia Norte-Sul ocorreu no p\u00e1tio do Porto Seco Centro-Oeste, no setor agroindustrial do munic\u00edpio de An\u00e1polis. Antes da assinatura, Bolsonaro vestiu um colete dos oper\u00e1rios que trabalham na ferrovia e passeou ao redor dos trilhos e subiu em uma locomotiva estacionada.<\/p>\n\n\n\n<p>A concess\u00e3o da ferrovia foi arrematada pela empresa Rumo S.A, em leil\u00e3o realizado em mar\u00e7o. A empresa, que atua em servi\u00e7os de log\u00edstica de transporte ferrovi\u00e1rio, ganhou o certame ao oferecer um lance de pouco mais de R$ 2,719 bilh\u00f5es, um \u00e1gio de 100,92% ao lance m\u00ednimo pedido pelo governo, de R$ 1,3 bilh\u00e3o. O contrato tem dura\u00e7\u00e3o e 30 anos.<\/p>\n\n\n\n<p>O contrato prev\u00ea a administra\u00e7\u00e3o de dois trechos da Norte-Sul, de um total de 1.537 quil\u00f4metros. O primeiro, de 855 quil\u00f4metros de extens\u00e3o, sai de Porto Nacional e vai at\u00e9 An\u00e1polis (GO), e se encontra com 100% da infraestrutura constru\u00edda e dispon\u00edvel para o transporte de cargas. A expectativa \u00e9 que as opera\u00e7\u00f5es comecem at\u00e9 o final de 2019.<\/p>\n\n\n\n<p>J\u00e1 o segundo trecho, compreendido entre Ouro Verde de Goi\u00e1s (GO) e Estrela D\u2019Oeste (SP), com 682 km de extens\u00e3o, se encontra com mais de 95% das obras conclu\u00eddas. A concession\u00e1ria tem dois anos para concluir as obras desse trecho e iniciar as opera\u00e7\u00f5es em 2021.<\/p>\n","protected":false},"excerpt":{"rendered":"<p>O presidente Jair Bolsonaro acenou hoje (31) com a possibilidade de divulgar novos dados sobre o desmatamento no pa\u00eds. No \u00faltimo s\u00e1bado (27), em evento&hellip; <\/p>\n","protected":false},"author":1,"featured_media":105984,"comment_status":"closed","ping_status":"closed","sticky":false,"template":"","format":"standard","meta":{"sfsi_plus_gutenberg_text_before_share":"","sfsi_plus_gutenberg_show_text_before_share":"","sfsi_plus_gutenberg_icon_type":"","sfsi_plus_gutenberg_icon_alignemt":"","sfsi_plus_gutenburg_max_per_row":"","footnotes":""},"categories":[11],"tags":[],"class_list":["post-107829","post","type-post","status-publish","format-standard","has-post-thumbnail","hentry","category-politica"],"_links":{"self":[{"href":"https:\/\/www.caririemacao.com\/1\/wp-json\/wp\/v2\/posts\/107829","targetHints":{"allow":["GET"]}}],"collection":[{"href":"https:\/\/www.caririemacao.com\/1\/wp-json\/wp\/v2\/posts"}],"about":[{"href":"https:\/\/www.caririemacao.com\/1\/wp-json\/wp\/v2\/types\/post"}],"author":[{"embeddable":true,"href":"https:\/\/www.caririemacao.com\/1\/wp-json\/wp\/v2\/users\/1"}],"replies":[{"embeddable":true,"href":"https:\/\/www.caririemacao.com\/1\/wp-json\/wp\/v2\/comments?post=107829"}],"version-history":[{"count":1,"href":"https:\/\/www.caririemacao.com\/1\/wp-json\/wp\/v2\/posts\/107829\/revisions"}],"predecessor-version":[{"id":107830,"href":"https:\/\/www.caririemacao.com\/1\/wp-json\/wp\/v2\/posts\/107829\/revisions\/107830"}],"wp:featuredmedia":[{"embeddable":true,"href":"https:\/\/www.caririemacao.com\/1\/wp-json\/wp\/v2\/media\/105984"}],"wp:attachment":[{"href":"https:\/\/www.caririemacao.com\/1\/wp-json\/wp\/v2\/media?parent=107829"}],"wp:term":[{"taxonomy":"category","embeddable":true,"href":"https:\/\/www.caririemacao.com\/1\/wp-json\/wp\/v2\/categories?post=107829"},{"taxonomy":"post_tag","embeddable":true,"href":"https:\/\/www.caririemacao.com\/1\/wp-json\/wp\/v2\/tags?post=107829"}],"curies":[{"name":"wp","href":"https:\/\/api.w.org\/{rel}","templated":true}]}}