{"id":107833,"date":"2019-07-31T14:12:22","date_gmt":"2019-07-31T17:12:22","guid":{"rendered":"http:\/\/www.caririemacao.com\/1\/?p=107833"},"modified":"2019-07-31T14:12:22","modified_gmt":"2019-07-31T17:12:22","slug":"em-anapolis-presidente-defente-implementacao-de-presidio-agricola","status":"publish","type":"post","link":"https:\/\/www.caririemacao.com\/1\/2019\/07\/31\/em-anapolis-presidente-defente-implementacao-de-presidio-agricola\/","title":{"rendered":"Em An\u00e1polis, presidente defente implementa\u00e7\u00e3o de pres\u00eddio agr\u00edcola"},"content":{"rendered":"\n<p><br>O presidente Jair Bolsonaro defendeu hoje (31) a implementa\u00e7\u00e3o de pres\u00eddios agr\u00edcolas no pa\u00eds e trabalho for\u00e7ado para condenados. A Constitui\u00e7\u00e3o Federal de 1988 pro\u00edbe, em cl\u00e1usula p\u00e9trea, no Artigo 5\u00b0, qualquer tipo de pena de trabalhos for\u00e7ados.<\/p>\n\n\n\n<p>Em entrevista coletiva, ap\u00f3s a assinatura do contrato de concess\u00e3o da Ferrovia Norte\u2013Sul, em An\u00e1polis, Bolsonaro foi questionado sobre a morte de mais quatro presos que participaram da briga entre fac\u00e7\u00f5es no pres\u00eddio em Altamira (PA), e morreram nesta madrugada, durante o traslado do munic\u00edpio de Novo Repartimento a Marab\u00e1. Bolsonaro disse que iria tratar com o ministro da Justi\u00e7a e Seguran\u00e7a P\u00fablica, Sergio Moro, sobre aux\u00edlio ao governo paraense.<\/p>\n\n\n\n<p>\u201cPessoal, problemas acontecem, certo. Se a gente puder conversar com o Moro nesse sentido. Eu sou pelo pres\u00eddio agr\u00edcola&#8221;, disse ao lembrar da quest\u00e3o constitucional envolvida: \u201cSei que que mudar a Constitui\u00e7\u00e3o neste sentido \u00e9 cl\u00e1usula p\u00e9trea, mas queria que tivesse trabalho for\u00e7ado no Brasil, para esse tipo de gente. Ningu\u00e9m quer for\u00e7ar a barra, maltratar nenhum preso por a\u00ed, nem quer que sejam mortos, mas \u00e9 o habitat deles. Eu fico com muita pena dos familiares das v\u00edtimas que esses caras fizeram\u201d, afirmou.<\/p>\n\n\n\n<p>Os agentes que encontraram os detentos disseram que havia marcas de sufocamento nos mortos. As informa\u00e7\u00f5es foram divulgadas nesta quarta-feira pela Secretaria de Estado de Seguran\u00e7a P\u00fablica e Defesa Social (Segup) do Par\u00e1. As mortes ocorreram entre 19h de ontem (30) e 1h da madrugada de hoje, e as raz\u00f5es das novas mortes est\u00e3o sendo investigadas. Os 26 presos remanescentes ser\u00e3o colocados em isolamento.<\/p>\n\n\n\n<p>Ainda na tarde de hoje, chegam a Bel\u00e9m dez homens da For\u00e7a-Tarefa de Interven\u00e7\u00e3o Penitenci\u00e1ria. A ida do grupo foi autorizada pelo Minist\u00e9rio da Justi\u00e7a e Seguran\u00e7a P\u00fablica, a pedido do governador do Par\u00e1, Helder Barbalho. A for\u00e7a-tarefa atuar\u00e1 em atividades de guarda, vigil\u00e2ncia e cust\u00f3dia de presos, com apoio dos sistemas Penitenci\u00e1rio e de Seguran\u00e7a P\u00fablica do estado.<\/p>\n\n\n\n<h2 class=\"wp-block-heading\">Identifica\u00e7\u00e3o<\/h2>\n\n\n\n<p>At\u00e9 a noite de ontem (30), 15 corpos de v\u00edtimas do confronto ocorrido na \u00faltima segunda-feira (29) entre o Comando Classe A (CCA) e o Comando Vermelho (CV), no pres\u00eddio de Altamira, no oeste paraense, haviam sido identificados. Para agilizar o trabalho, que est\u00e1 sendo feito por meio de exames de DNA, peritos odontologistas forenses e peritos criminais do Laborat\u00f3rio de Gen\u00e9tica Forense do Instituto de Criminal\u00edstica de Bel\u00e9m refor\u00e7am a equipe em Altamira. Nesta quarta-feira, os trabalhos foram retomados \u00e0s 7h.<\/p>\n\n\n\n<h2 class=\"wp-block-heading\">Transfer\u00eancias<\/h2>\n\n\n\n<p>At\u00e9 ontem (30), 16 l\u00edderes do confronto haviam sido identificados e transferidos de forma imediata para a capital paraense, dez deles ir\u00e3o, posteriormente, para o regime federal e os demais ser\u00e3o redistribu\u00eddos em penitenci\u00e1rias do estado.<\/p>\n","protected":false},"excerpt":{"rendered":"<p>O presidente Jair Bolsonaro defendeu hoje (31) a implementa\u00e7\u00e3o de pres\u00eddios agr\u00edcolas no pa\u00eds e trabalho for\u00e7ado para condenados. A Constitui\u00e7\u00e3o Federal de 1988 pro\u00edbe,&hellip; <\/p>\n","protected":false},"author":1,"featured_media":89011,"comment_status":"closed","ping_status":"closed","sticky":false,"template":"","format":"standard","meta":{"sfsi_plus_gutenberg_text_before_share":"","sfsi_plus_gutenberg_show_text_before_share":"","sfsi_plus_gutenberg_icon_type":"","sfsi_plus_gutenberg_icon_alignemt":"","sfsi_plus_gutenburg_max_per_row":"","footnotes":""},"categories":[11],"tags":[],"class_list":["post-107833","post","type-post","status-publish","format-standard","has-post-thumbnail","hentry","category-politica"],"_links":{"self":[{"href":"https:\/\/www.caririemacao.com\/1\/wp-json\/wp\/v2\/posts\/107833","targetHints":{"allow":["GET"]}}],"collection":[{"href":"https:\/\/www.caririemacao.com\/1\/wp-json\/wp\/v2\/posts"}],"about":[{"href":"https:\/\/www.caririemacao.com\/1\/wp-json\/wp\/v2\/types\/post"}],"author":[{"embeddable":true,"href":"https:\/\/www.caririemacao.com\/1\/wp-json\/wp\/v2\/users\/1"}],"replies":[{"embeddable":true,"href":"https:\/\/www.caririemacao.com\/1\/wp-json\/wp\/v2\/comments?post=107833"}],"version-history":[{"count":1,"href":"https:\/\/www.caririemacao.com\/1\/wp-json\/wp\/v2\/posts\/107833\/revisions"}],"predecessor-version":[{"id":107834,"href":"https:\/\/www.caririemacao.com\/1\/wp-json\/wp\/v2\/posts\/107833\/revisions\/107834"}],"wp:featuredmedia":[{"embeddable":true,"href":"https:\/\/www.caririemacao.com\/1\/wp-json\/wp\/v2\/media\/89011"}],"wp:attachment":[{"href":"https:\/\/www.caririemacao.com\/1\/wp-json\/wp\/v2\/media?parent=107833"}],"wp:term":[{"taxonomy":"category","embeddable":true,"href":"https:\/\/www.caririemacao.com\/1\/wp-json\/wp\/v2\/categories?post=107833"},{"taxonomy":"post_tag","embeddable":true,"href":"https:\/\/www.caririemacao.com\/1\/wp-json\/wp\/v2\/tags?post=107833"}],"curies":[{"name":"wp","href":"https:\/\/api.w.org\/{rel}","templated":true}]}}