{"id":107843,"date":"2019-07-31T14:20:13","date_gmt":"2019-07-31T17:20:13","guid":{"rendered":"http:\/\/www.caririemacao.com\/1\/?p=107843"},"modified":"2019-07-31T14:20:13","modified_gmt":"2019-07-31T17:20:13","slug":"recadastro-para-clientes-de-celular-pre-pago-comeca-nesta-quarta","status":"publish","type":"post","link":"https:\/\/www.caririemacao.com\/1\/2019\/07\/31\/recadastro-para-clientes-de-celular-pre-pago-comeca-nesta-quarta\/","title":{"rendered":"Recadastro para clientes de celular pr\u00e9-pago come\u00e7a nesta quarta"},"content":{"rendered":"\n<p>Come\u00e7a, nesta quarta-feira (31), o recadastramento dos clientes de servi\u00e7os de telefonia celular pr\u00e9-paga em 10 estados. A atualiza\u00e7\u00e3o \u00e9 obrigat\u00f3ria para quem possui pend\u00eancias cadastrais. Os clientes com algum tipo de pend\u00eancia receber\u00e3o uma mensagem (SMS), informando que precisam fazer um novo cadastro. Quem n\u00e3o fizer o recadastramento no prazo estipulado pela operadora ter\u00e1 a linha bloqueada enquanto o cadastro n\u00e3o for atualizado.<\/p>\n\n\n\n<p>O recadastramento ser\u00e1 aplicado aos clientes dos estados do Acre, Distrito Federal, Goi\u00e1s, Mato Grosso, Mato Grosso do Sul, Minas Gerais, Paran\u00e1, Rond\u00f4nia, Tocantins e Santa Catarina.<\/p>\n\n\n\n<p>Para atualizar os dados, o consumidor que receber a mensagem de aviso dever\u00e1 entrar em contato com a central de atendimento telef\u00f4nico da sua operadora e estar preparado para informar nome completo, n\u00famero de CPF (no caso de pessoa f\u00edsica) e o endere\u00e7o completo com CEP.<\/p>\n\n\n\n<p>Esta e a segunda etapa do recadastramento que come\u00e7ou em abril na regi\u00e3o do DDD 62, em Goi\u00e1s. Agora, o recadastramento est\u00e1 sendo estendido para todos os munic\u00edpios goianos e para outros nove Estados. Em 2 de setembro, o recadastramento ser\u00e1 ampliado para todo o Brasil.<\/p>\n\n\n\n<p>De acordo com o Sindicato Nacional das Empresas de Telefonia e de Servi\u00e7o M\u00f3vel de Celular e Pessoal (Sinditelebrasil), o objetivo do recadastramento \u00e9 dar mais seguran\u00e7a e transpar\u00eancia para os usu\u00e1rios e a sociedade. &#8220;A iniciativa atende ao que foi determinado pela&nbsp;<a href=\"http:\/\/www.planalto.gov.br\/ccivil_03\/Leis\/2003\/L10.703.htm\" target=\"_blank\" rel=\"noreferrer noopener\">Lei 10.703\/2003<\/a>&nbsp;e pela&nbsp;<a href=\"https:\/\/www.anatel.gov.br\/legislacao\/resolucoes\/2007\/9-resolucao-477\" target=\"_blank\" rel=\"noreferrer noopener\">resolu\u00e7\u00e3o 477\/2007<\/a>, da Anatel, para que as operadoras mantenham o cadastro atualizado de seus clientes na modalidade pr\u00e9-paga&#8221;, informou o sindicato.<\/p>\n\n\n\n<p>Ap\u00f3s a fase de recadastramento dos clientes, as operadoras de telefonia celular ir\u00e3o implementar novo modelo de cadastro para novas ativa\u00e7\u00f5es de celulares pr\u00e9-pagos.<\/p>\n","protected":false},"excerpt":{"rendered":"<p>Come\u00e7a, nesta quarta-feira (31), o recadastramento dos clientes de servi\u00e7os de telefonia celular pr\u00e9-paga em 10 estados. A atualiza\u00e7\u00e3o \u00e9 obrigat\u00f3ria para quem possui pend\u00eancias&hellip; <\/p>\n","protected":false},"author":1,"featured_media":107844,"comment_status":"closed","ping_status":"closed","sticky":false,"template":"","format":"standard","meta":{"sfsi_plus_gutenberg_text_before_share":"","sfsi_plus_gutenberg_show_text_before_share":"","sfsi_plus_gutenberg_icon_type":"","sfsi_plus_gutenberg_icon_alignemt":"","sfsi_plus_gutenburg_max_per_row":"","footnotes":""},"categories":[2],"tags":[],"class_list":["post-107843","post","type-post","status-publish","format-standard","has-post-thumbnail","hentry","category-geral"],"_links":{"self":[{"href":"https:\/\/www.caririemacao.com\/1\/wp-json\/wp\/v2\/posts\/107843","targetHints":{"allow":["GET"]}}],"collection":[{"href":"https:\/\/www.caririemacao.com\/1\/wp-json\/wp\/v2\/posts"}],"about":[{"href":"https:\/\/www.caririemacao.com\/1\/wp-json\/wp\/v2\/types\/post"}],"author":[{"embeddable":true,"href":"https:\/\/www.caririemacao.com\/1\/wp-json\/wp\/v2\/users\/1"}],"replies":[{"embeddable":true,"href":"https:\/\/www.caririemacao.com\/1\/wp-json\/wp\/v2\/comments?post=107843"}],"version-history":[{"count":1,"href":"https:\/\/www.caririemacao.com\/1\/wp-json\/wp\/v2\/posts\/107843\/revisions"}],"predecessor-version":[{"id":107845,"href":"https:\/\/www.caririemacao.com\/1\/wp-json\/wp\/v2\/posts\/107843\/revisions\/107845"}],"wp:featuredmedia":[{"embeddable":true,"href":"https:\/\/www.caririemacao.com\/1\/wp-json\/wp\/v2\/media\/107844"}],"wp:attachment":[{"href":"https:\/\/www.caririemacao.com\/1\/wp-json\/wp\/v2\/media?parent=107843"}],"wp:term":[{"taxonomy":"category","embeddable":true,"href":"https:\/\/www.caririemacao.com\/1\/wp-json\/wp\/v2\/categories?post=107843"},{"taxonomy":"post_tag","embeddable":true,"href":"https:\/\/www.caririemacao.com\/1\/wp-json\/wp\/v2\/tags?post=107843"}],"curies":[{"name":"wp","href":"https:\/\/api.w.org\/{rel}","templated":true}]}}