{"id":107859,"date":"2019-07-31T14:30:42","date_gmt":"2019-07-31T17:30:42","guid":{"rendered":"http:\/\/www.caririemacao.com\/1\/?p=107859"},"modified":"2019-07-31T14:30:42","modified_gmt":"2019-07-31T17:30:42","slug":"jogadora-brasileira-e-apelidada-de-neymar-do-handebol-feminino","status":"publish","type":"post","link":"https:\/\/www.caririemacao.com\/1\/2019\/07\/31\/jogadora-brasileira-e-apelidada-de-neymar-do-handebol-feminino\/","title":{"rendered":"Jogadora brasileira \u00e9 apelidada de \u2018Neymar do Handebol Feminino"},"content":{"rendered":"\n<p>Um dos destaques da conquista do&nbsp;<a href=\"https:\/\/recordtv.r7.com\/pan-lima-2019\/brasil-no-pan\/brasil-bate-argentina-fatura-hexa-e-garante-vaga-nas-olimpiadas-31072019\"><strong>hexacampeonato da sele\u00e7\u00e3o feminina de handebol em Jogos Pan-Americanos<\/strong><\/a>, a ponta esquerda Larissa Ara\u00fajo, de 27 anos, foi apelidada de &#8220;Neymar do Handebol Feminino&#8221; pelo jornal peruano&nbsp;<em>El Comercio.&nbsp;<\/em>Ela disse ficar honrada com a compara\u00e7\u00e3o, mas n\u00e3o sem antes fazer uma observa\u00e7\u00e3o: &#8220;Deveria ser &#8216;Marta do Handebol'&#8221;.<\/p>\n\n\n\n<figure class=\"wp-block-image\"><img decoding=\"async\" src=\"https:\/\/img.r7.com\/images\/larissa-araujo-30072019163753240?dimensions=300x490&amp;&amp;&amp;&amp;&amp;&amp;&amp;&amp;&amp;&amp;&amp;&amp;&amp;&amp;&amp;&amp;&amp;&amp;&amp;&amp;&amp;&amp;&amp;&amp;&amp;&amp;&amp;&amp;&amp;&amp;resize=300x490&amp;crop=1154x1884+38+38&amp;&amp;&amp;&amp;&amp;&amp;&amp;&amp;&amp;&amp;&amp;&amp;&amp;&amp;&amp;&amp;&amp;&amp;&amp;&amp;&amp;&amp;&amp;&amp;&amp;&amp;&amp;&amp;&amp;resize=300x490&amp;crop=1154x1884+38+38\" alt=\"Larissa atribui compara\u00e7\u00e3o \u00e0 sua posi\u00e7\u00e3o dentro de quadra\"\/><\/figure>\n\n\n\n<h4 class=\"wp-block-heading\">Larissa atribui compara\u00e7\u00e3o \u00e0 sua posi\u00e7\u00e3o dentro de quadra<\/h4>\n\n\n\n<p><em>Abelardo Mendes Jr.\/Rede do Esporte &#8211; 25.7.2019<\/em><\/p>\n\n\n\n<p>Ao citar Larissa, a publica\u00e7\u00e3o peruana mencionou que a brasileira &#8220;joga bonito&#8221;, assim como o camisa 10 da sele\u00e7\u00e3o brasileira e do Paris Saint-Germain, e ainda destacou a velocidade da camisa 20 do handebol.<\/p>\n\n\n\n<p>\u201cQuem tenta par\u00e1-la quase sempre acaba no ch\u00e3o\u201d, analisou o jornal logo ap\u00f3s a partida em que as meninas do Brasil&nbsp;<a href=\"https:\/\/recordtv.r7.com\/pan-lima-2019\/handebol-feminino-brasil-atropela-canada-e-avanca-para-semis-em-lima-26072019\"><strong>atropelaram o Canad\u00e1 por 41 a 12<\/strong><\/a>, com quatro gols de Larissa.<\/p>\n\n\n\n<p>A atleta avaliou que a compara\u00e7\u00e3o pode ter sido atribu\u00edda a ela devido \u00e0 posi\u00e7\u00e3o em que atua dentro de quadra. \u201cJogar na ponta requer mais habilidade na finaliza\u00e7\u00e3o, porque n\u00f3s temos menos \u00e2ngulo na hora de arremessar a bola para o gol\u201d, afirmou.<\/p>\n\n\n\n<figure><iframe width=\"660\" height=\"371\" data-src=\"https:\/\/player.r7.com\/video\/i\/5d4105e5cd77c03a8a000b9b\" allowfullscreen=\"\" src=\"data:image\/svg+xml;base64,PHN2ZyB3aWR0aD0iMSIgaGVpZ2h0PSIxIiB4bWxucz0iaHR0cDovL3d3dy53My5vcmcvMjAwMC9zdmciPjwvc3ZnPg==\" class=\"lazyload\" data-load-mode=\"1\"><\/iframe><\/figure>\n\n\n\n<p>Nascida em Curitiba (PR), Larissa atualmente joga pelo Cluj-Napoca, da Rom\u00eania. Ela participou de todos os jogos do Brasil em Lima e adicionou a sua cole\u00e7\u00e3o a segunda medalha dourada de Jogos Pan-Americanos.<\/p>\n\n\n\n<figure class=\"wp-block-image\"><img decoding=\"async\" src=\"https:\/\/img.r7.com\/images\/larissa-araujo-30072019170738148?dimensions=460x305\" alt=\"Larissa converteu 75% dos arremessos na Lima 2019\"\/><\/figure>\n\n\n\n<h4 class=\"wp-block-heading\">Larissa converteu 75% dos arremessos na Lima 2019<\/h4>\n\n\n\n<p><em>Wander Roberto\/COB &#8211; 29.7.2019<\/em><\/p>\n\n\n\n<p>Em Lima 2019, Larissa arremessou 16 vezes e marcou 12 gols, nada menos do que 75% de aproveitamento nas finaliza\u00e7\u00f5es de quadra.<\/p>\n\n\n\n<p>De acordo com Larissa, existe uma cobran\u00e7a adicional para n\u00e3o errar os arremessos por jogar posicionada em um dos extremos da quadra. &#8220;\u00c9 uma grande responsabilidade de ter que finalizar e converter o arremesso em gol. Os t\u00e9cnicos, inclusive, cobram muito isso&#8221;, revelou a camisa 20 da sele\u00e7\u00e3o.<\/p>\n\n\n\n<p>De olho nas futuras gera\u00e7\u00f5es da modalidade, ela orientou que os novos jogadores n\u00e3o desistam do sonho de se tornar profissionais. &#8220;Tive a oportunidade sair da minha cidade e ir jogar em um clube aos 15 anos e tudo isso teve origem nos jogos escolares. Eu me formei para depois ir buscar outras oportunidades&#8221;, contou a agora bicampe\u00e3 Pan-Americana.<\/p>\n","protected":false},"excerpt":{"rendered":"<p>Um dos destaques da conquista do&nbsp;hexacampeonato da sele\u00e7\u00e3o feminina de handebol em Jogos Pan-Americanos, a ponta esquerda Larissa Ara\u00fajo, de 27 anos, foi apelidada de&hellip; <\/p>\n","protected":false},"author":1,"featured_media":107860,"comment_status":"closed","ping_status":"closed","sticky":false,"template":"","format":"standard","meta":{"sfsi_plus_gutenberg_text_before_share":"","sfsi_plus_gutenberg_show_text_before_share":"","sfsi_plus_gutenberg_icon_type":"","sfsi_plus_gutenberg_icon_alignemt":"","sfsi_plus_gutenburg_max_per_row":"","footnotes":""},"categories":[13],"tags":[],"class_list":["post-107859","post","type-post","status-publish","format-standard","has-post-thumbnail","hentry","category-esportes"],"_links":{"self":[{"href":"https:\/\/www.caririemacao.com\/1\/wp-json\/wp\/v2\/posts\/107859","targetHints":{"allow":["GET"]}}],"collection":[{"href":"https:\/\/www.caririemacao.com\/1\/wp-json\/wp\/v2\/posts"}],"about":[{"href":"https:\/\/www.caririemacao.com\/1\/wp-json\/wp\/v2\/types\/post"}],"author":[{"embeddable":true,"href":"https:\/\/www.caririemacao.com\/1\/wp-json\/wp\/v2\/users\/1"}],"replies":[{"embeddable":true,"href":"https:\/\/www.caririemacao.com\/1\/wp-json\/wp\/v2\/comments?post=107859"}],"version-history":[{"count":1,"href":"https:\/\/www.caririemacao.com\/1\/wp-json\/wp\/v2\/posts\/107859\/revisions"}],"predecessor-version":[{"id":107861,"href":"https:\/\/www.caririemacao.com\/1\/wp-json\/wp\/v2\/posts\/107859\/revisions\/107861"}],"wp:featuredmedia":[{"embeddable":true,"href":"https:\/\/www.caririemacao.com\/1\/wp-json\/wp\/v2\/media\/107860"}],"wp:attachment":[{"href":"https:\/\/www.caririemacao.com\/1\/wp-json\/wp\/v2\/media?parent=107859"}],"wp:term":[{"taxonomy":"category","embeddable":true,"href":"https:\/\/www.caririemacao.com\/1\/wp-json\/wp\/v2\/categories?post=107859"},{"taxonomy":"post_tag","embeddable":true,"href":"https:\/\/www.caririemacao.com\/1\/wp-json\/wp\/v2\/tags?post=107859"}],"curies":[{"name":"wp","href":"https:\/\/api.w.org\/{rel}","templated":true}]}}