{"id":107865,"date":"2019-07-31T14:34:59","date_gmt":"2019-07-31T17:34:59","guid":{"rendered":"http:\/\/www.caririemacao.com\/1\/?p=107865"},"modified":"2019-07-31T14:40:08","modified_gmt":"2019-07-31T17:40:08","slug":"homem-e-condenado-por-nao-avisar-parceiras-que-e-portador-de-hiv","status":"publish","type":"post","link":"https:\/\/www.caririemacao.com\/1\/2019\/07\/31\/homem-e-condenado-por-nao-avisar-parceiras-que-e-portador-de-hiv\/","title":{"rendered":"Homem \u00e9 condenado por n\u00e3o avisar parceiras que \u00e9 portador de HIV"},"content":{"rendered":"\n<p>Um homem de 27 anos foi condenado em Pensacola (Fl\u00f3rida, Estados Unidos) a dez anos de pris\u00e3o, mais cinco de liberdade condicional, por ter tido rela\u00e7\u00f5es sexuais sem advertir suas parceiras de que era portador do v\u00edrus da Aids, informaram nesta quarta-feira (31) os meios de comunica\u00e7\u00e3o locais.<\/p>\n\n\n\n<p>Rasheem Ikey Bodiford soube que era soropositivo em setembro de 2016, mas n\u00e3o disse a duas mulheres com quem teve rela\u00e7\u00f5es sexuais no primeiro ano desde que soube do seu diagn\u00f3stico.<\/p>\n\n\n\n\n\n\n\n<p>Uma dessas mulheres disse \u00e0 pol\u00edcia do condado de Escambia em junho de 2017 que, quando soube por um exame que tinha o v\u00edrus, se lembrou que viu que Bodiford, seu \u00faltimo parceiro sexual, tinha em sua casa um medicamento para tratar o HIV.<\/p>\n\n\n\n<p>Quando questionado por isso, Bodiford disse que os rem\u00e9dios eram de um tio e que iria vend\u00ea-los.<\/p>\n\n\n\n<p>O homem foi condenado na \u00faltima sexta-feira (26), em uma das primeiras penas por este motivo na Fl\u00f3rida.&nbsp;procurador do estado, Bill Eddins, disse ao jornal&nbsp;<em>Pensacola News Journal<\/em>que em abril foi realizada uma audi\u00eancia para determinar se Bodiford era um risco para as pessoas, pois de outro modo, sob o c\u00f3digo penal atual, n\u00e3o poderia ser privado de sua liberdade pelo crime do qual foi acusado. Mesmo assim, o j\u00fari o considerou culpado.<\/p>\n\n\n\n<p>O HTLV foi o primeiro retrov\u00edrus humano identificado, em 1980. Esse conhecimento contribuiu para a r\u00e1pida identifica\u00e7\u00e3o do HIV, segundo retrov\u00edrus humano detectado, como agente causador da epidemia de Aids que emergiu em seguida. Segundo a Funda\u00e7\u00e3o Oswaldo Cruz (Fiocruz), a gravidade e grande dissemina\u00e7\u00e3o do HIV tiraram o foco do HTLV<\/p>\n","protected":false},"excerpt":{"rendered":"<p>Um homem de 27 anos foi condenado em Pensacola (Fl\u00f3rida, Estados Unidos) a dez anos de pris\u00e3o, mais cinco de liberdade condicional, por ter tido&hellip; <\/p>\n","protected":false},"author":1,"featured_media":54846,"comment_status":"closed","ping_status":"closed","sticky":false,"template":"","format":"standard","meta":{"sfsi_plus_gutenberg_text_before_share":"","sfsi_plus_gutenberg_show_text_before_share":"","sfsi_plus_gutenberg_icon_type":"","sfsi_plus_gutenberg_icon_alignemt":"","sfsi_plus_gutenburg_max_per_row":"","footnotes":""},"categories":[2],"tags":[],"class_list":["post-107865","post","type-post","status-publish","format-standard","has-post-thumbnail","hentry","category-geral"],"_links":{"self":[{"href":"https:\/\/www.caririemacao.com\/1\/wp-json\/wp\/v2\/posts\/107865","targetHints":{"allow":["GET"]}}],"collection":[{"href":"https:\/\/www.caririemacao.com\/1\/wp-json\/wp\/v2\/posts"}],"about":[{"href":"https:\/\/www.caririemacao.com\/1\/wp-json\/wp\/v2\/types\/post"}],"author":[{"embeddable":true,"href":"https:\/\/www.caririemacao.com\/1\/wp-json\/wp\/v2\/users\/1"}],"replies":[{"embeddable":true,"href":"https:\/\/www.caririemacao.com\/1\/wp-json\/wp\/v2\/comments?post=107865"}],"version-history":[{"count":2,"href":"https:\/\/www.caririemacao.com\/1\/wp-json\/wp\/v2\/posts\/107865\/revisions"}],"predecessor-version":[{"id":107870,"href":"https:\/\/www.caririemacao.com\/1\/wp-json\/wp\/v2\/posts\/107865\/revisions\/107870"}],"wp:featuredmedia":[{"embeddable":true,"href":"https:\/\/www.caririemacao.com\/1\/wp-json\/wp\/v2\/media\/54846"}],"wp:attachment":[{"href":"https:\/\/www.caririemacao.com\/1\/wp-json\/wp\/v2\/media?parent=107865"}],"wp:term":[{"taxonomy":"category","embeddable":true,"href":"https:\/\/www.caririemacao.com\/1\/wp-json\/wp\/v2\/categories?post=107865"},{"taxonomy":"post_tag","embeddable":true,"href":"https:\/\/www.caririemacao.com\/1\/wp-json\/wp\/v2\/tags?post=107865"}],"curies":[{"name":"wp","href":"https:\/\/api.w.org\/{rel}","templated":true}]}}