{"id":107875,"date":"2019-07-31T14:46:25","date_gmt":"2019-07-31T17:46:25","guid":{"rendered":"http:\/\/www.caririemacao.com\/1\/?p=107875"},"modified":"2019-07-31T14:46:25","modified_gmt":"2019-07-31T17:46:25","slug":"menino-de-10-meses-tem-cranio-perfurado-por-prego-no-rio","status":"publish","type":"post","link":"https:\/\/www.caririemacao.com\/1\/2019\/07\/31\/menino-de-10-meses-tem-cranio-perfurado-por-prego-no-rio\/","title":{"rendered":"Menino de 10 meses tem cr\u00e2nio perfurado por prego no Rio"},"content":{"rendered":"\n<p>Um menino de 10 meses foi atingido por um dardo com um prego, que perfurou seu cr\u00e2nio, em Paci\u00eancia, zona oeste do\u00a0<a rel=\"noreferrer noopener\" href=\"https:\/\/noticias.r7.com\/\" target=\"_blank\"><strong>Rio de Janeiro<\/strong><\/a>\u00a0na ter\u00e7a-feira (30), quando estava no colo da m\u00e3e dentro de um carro.O beb\u00ea foi levado para UPA (Unidade de Pronto Atendimento) de Paci\u00eancia e em seguida encaminhado para o Hospital Pedro II, em Santa Cruz.\u00a0Segundo a dire\u00e7\u00e3o do Centro de Emerg\u00eancia Regional de Santa Cruz (emerg\u00eancia do Hospital Pedro II), a crian\u00e7a foi atendida e operada na madrugada pela equipe de plant\u00e3o. Devido \u00e0 \u00e1rea atingida, os neurocirurgi\u00f5es decidiram n\u00e3o retirar o proj\u00e9til neste momento.<\/p>\n\n\n\n<p>crian\u00e7a segue internada com quadro grav\u00edssimo e monitorada pela equipe de neurocirurgia.<\/p>\n\n\n\n<p>O caso foi registrado como tentativa de homic\u00eddio na 36\u00aa DP (Santa Cruz) e as investiga\u00e7\u00f5es foram encaminhadas para a 35\u00aa DP (Campo Grande), \u00e1rea onde ocorreu o fato.<\/p>\n","protected":false},"excerpt":{"rendered":"<p>Um menino de 10 meses foi atingido por um dardo com um prego, que perfurou seu cr\u00e2nio, em Paci\u00eancia, zona oeste do\u00a0Rio de Janeiro\u00a0na ter\u00e7a-feira&hellip; <\/p>\n","protected":false},"author":1,"featured_media":107876,"comment_status":"closed","ping_status":"closed","sticky":false,"template":"","format":"standard","meta":{"sfsi_plus_gutenberg_text_before_share":"","sfsi_plus_gutenberg_show_text_before_share":"","sfsi_plus_gutenberg_icon_type":"","sfsi_plus_gutenberg_icon_alignemt":"","sfsi_plus_gutenburg_max_per_row":"","footnotes":""},"categories":[2],"tags":[],"class_list":["post-107875","post","type-post","status-publish","format-standard","has-post-thumbnail","hentry","category-geral"],"_links":{"self":[{"href":"https:\/\/www.caririemacao.com\/1\/wp-json\/wp\/v2\/posts\/107875","targetHints":{"allow":["GET"]}}],"collection":[{"href":"https:\/\/www.caririemacao.com\/1\/wp-json\/wp\/v2\/posts"}],"about":[{"href":"https:\/\/www.caririemacao.com\/1\/wp-json\/wp\/v2\/types\/post"}],"author":[{"embeddable":true,"href":"https:\/\/www.caririemacao.com\/1\/wp-json\/wp\/v2\/users\/1"}],"replies":[{"embeddable":true,"href":"https:\/\/www.caririemacao.com\/1\/wp-json\/wp\/v2\/comments?post=107875"}],"version-history":[{"count":1,"href":"https:\/\/www.caririemacao.com\/1\/wp-json\/wp\/v2\/posts\/107875\/revisions"}],"predecessor-version":[{"id":107877,"href":"https:\/\/www.caririemacao.com\/1\/wp-json\/wp\/v2\/posts\/107875\/revisions\/107877"}],"wp:featuredmedia":[{"embeddable":true,"href":"https:\/\/www.caririemacao.com\/1\/wp-json\/wp\/v2\/media\/107876"}],"wp:attachment":[{"href":"https:\/\/www.caririemacao.com\/1\/wp-json\/wp\/v2\/media?parent=107875"}],"wp:term":[{"taxonomy":"category","embeddable":true,"href":"https:\/\/www.caririemacao.com\/1\/wp-json\/wp\/v2\/categories?post=107875"},{"taxonomy":"post_tag","embeddable":true,"href":"https:\/\/www.caririemacao.com\/1\/wp-json\/wp\/v2\/tags?post=107875"}],"curies":[{"name":"wp","href":"https:\/\/api.w.org\/{rel}","templated":true}]}}