{"id":107882,"date":"2019-07-31T15:37:10","date_gmt":"2019-07-31T18:37:10","guid":{"rendered":"http:\/\/www.caririemacao.com\/1\/?p=107882"},"modified":"2019-07-31T15:37:10","modified_gmt":"2019-07-31T18:37:10","slug":"prefeito-eden-duarte-anuncia-construcao-do-centro-de-formacao-de-professores-em-sume","status":"publish","type":"post","link":"https:\/\/www.caririemacao.com\/1\/2019\/07\/31\/prefeito-eden-duarte-anuncia-construcao-do-centro-de-formacao-de-professores-em-sume\/","title":{"rendered":"Prefeito \u00c9den Duarte anuncia constru\u00e7\u00e3o do Centro de Forma\u00e7\u00e3o de Professores em Sum\u00e9"},"content":{"rendered":"\n<p>O prefeito \u00c9den Duarte anunciou na manh\u00e3 desta quarta-feira (31), no audit\u00f3rio da Secretaria de Educa\u00e7\u00e3o, a constru\u00e7\u00e3o do Centro de Forma\u00e7\u00e3o de Professores. Um projeto arrojado voltado aos profissionais da educa\u00e7\u00e3o do munic\u00edpio de Sum\u00e9.<\/p>\n\n\n\n<p>Pioneiro na regi\u00e3o do Cariri paraibano, o Centro de Forma\u00e7\u00e3o de professores, ficar\u00e1 localizado ao lado da escola Z\u00e9lia Braz na V\u00e1rzea Redonda, \u00e9 um belo projeto arquitet\u00f4nico destinado a forma\u00e7\u00f5es continuadas, cursos, confer\u00eancias, reuni\u00f5es e outros eventos. &nbsp;<\/p>\n\n\n\n<p>O Centro de Forma\u00e7\u00e3o homenageia a professora On\u00e9sima Maria Ara\u00fajo Gon\u00e7alves, dona On\u00e9sima, que muito contribuiu com a educa\u00e7\u00e3o sumeense.<\/p>\n\n\n\n<p>Participaram do evento, al\u00e9m do prefeito, os secret\u00e1rios municipais, Odilon Ara\u00fajo, (Educa\u00e7\u00e3o), Alessandra Regina (Sa\u00fade), Tanniery L\u00eala (Assist\u00eancia Social), a coordenadora pedag\u00f3gica do Munic\u00edpio Aparecida Gomes, diretores e coordenadores da rede municipal de ensino, o coordenador da Regi\u00e3o de Ensino, Ary Prata, a diretora da escola cidad\u00e3 Integral Jos\u00e9 Gon\u00e7alves de Queiroz, Edilza Oliveira, representantes da Unicir, Thiago e Izaias e os vereadores Ant\u00f4nio Carlos Sarmento, Daniel L\u00eala e Jos\u00e9 Ant\u00f4nio.&nbsp;&nbsp;<\/p>\n\n\n\n<p>Ari Prata parabenizou o prefeito \u00c9den pela iniciativa. Ele disse que estava muito feliz e surpreso ao mesmo tempo com o an\u00fancio de uma obra que vai suprir a car\u00eancia de espa\u00e7os f\u00edsicos da educa\u00e7\u00e3o caririzeira. \u201cO Centro de Forma\u00e7\u00e3o de Professores dar\u00e1 uma nova perspectiva de trabalho a todos que militam nessa \u00e1rea aqui na regi\u00e3o\u201d, afirmou o coordenador da 5\u00aa regi\u00e3o de ensino. &nbsp;<\/p>\n\n\n\n<p>Na ocasi\u00e3o, \u00c9den enfatizou que fez quest\u00e3o de convidar os diversos atores envolvidos com a educa\u00e7\u00e3o, dada a relev\u00e2ncia da obra n\u00e3o s\u00f3 para Sum\u00e9 mas tamb\u00e9m para o Cariri pelo fato da regi\u00e3o n\u00e3o dispor de uma estrutura educacional \u00e0 altura.<\/p>\n\n\n\n<p>\u00c9den acrescentou que o empreendimento, pensado para projetar Sum\u00e9 no cen\u00e1rio da Educa\u00e7\u00e3o do Cariri e da Para\u00edba, ser\u00e1 um espa\u00e7o importante para a capacita\u00e7\u00e3o dos profissionais.<\/p>\n\n\n\n<p>A obra est\u00e1 or\u00e7ada em R$ 500 mil, sendo R$ 250 mil emenda do senador Raimundo Lira e R$ 250 mil recursos pr\u00f3prios. O pr\u00e9dio ter\u00e1 um audit\u00f3rio com capacidade para 290 pessoas, palco, camarins, salas de aula, sala de reuni\u00e3o, de dire\u00e7\u00e3o, copa, banheiros e estacionamento com 16 vagas.<\/p>\n\n\n\n<p>Ascom PMS<\/p>\n","protected":false},"excerpt":{"rendered":"<p>O prefeito \u00c9den Duarte anunciou na manh\u00e3 desta quarta-feira (31), no audit\u00f3rio da Secretaria de Educa\u00e7\u00e3o, a constru\u00e7\u00e3o do Centro de Forma\u00e7\u00e3o de Professores. Um&hellip; <\/p>\n","protected":false},"author":1,"featured_media":107883,"comment_status":"closed","ping_status":"closed","sticky":false,"template":"","format":"standard","meta":{"sfsi_plus_gutenberg_text_before_share":"","sfsi_plus_gutenberg_show_text_before_share":"","sfsi_plus_gutenberg_icon_type":"","sfsi_plus_gutenberg_icon_alignemt":"","sfsi_plus_gutenburg_max_per_row":"","footnotes":""},"categories":[50,2],"tags":[],"class_list":["post-107882","post","type-post","status-publish","format-standard","has-post-thumbnail","hentry","category-destaque","category-geral"],"_links":{"self":[{"href":"https:\/\/www.caririemacao.com\/1\/wp-json\/wp\/v2\/posts\/107882","targetHints":{"allow":["GET"]}}],"collection":[{"href":"https:\/\/www.caririemacao.com\/1\/wp-json\/wp\/v2\/posts"}],"about":[{"href":"https:\/\/www.caririemacao.com\/1\/wp-json\/wp\/v2\/types\/post"}],"author":[{"embeddable":true,"href":"https:\/\/www.caririemacao.com\/1\/wp-json\/wp\/v2\/users\/1"}],"replies":[{"embeddable":true,"href":"https:\/\/www.caririemacao.com\/1\/wp-json\/wp\/v2\/comments?post=107882"}],"version-history":[{"count":1,"href":"https:\/\/www.caririemacao.com\/1\/wp-json\/wp\/v2\/posts\/107882\/revisions"}],"predecessor-version":[{"id":107884,"href":"https:\/\/www.caririemacao.com\/1\/wp-json\/wp\/v2\/posts\/107882\/revisions\/107884"}],"wp:featuredmedia":[{"embeddable":true,"href":"https:\/\/www.caririemacao.com\/1\/wp-json\/wp\/v2\/media\/107883"}],"wp:attachment":[{"href":"https:\/\/www.caririemacao.com\/1\/wp-json\/wp\/v2\/media?parent=107882"}],"wp:term":[{"taxonomy":"category","embeddable":true,"href":"https:\/\/www.caririemacao.com\/1\/wp-json\/wp\/v2\/categories?post=107882"},{"taxonomy":"post_tag","embeddable":true,"href":"https:\/\/www.caririemacao.com\/1\/wp-json\/wp\/v2\/tags?post=107882"}],"curies":[{"name":"wp","href":"https:\/\/api.w.org\/{rel}","templated":true}]}}