{"id":107887,"date":"2019-07-31T15:39:24","date_gmt":"2019-07-31T18:39:24","guid":{"rendered":"http:\/\/www.caririemacao.com\/1\/?p=107887"},"modified":"2019-07-31T15:39:24","modified_gmt":"2019-07-31T18:39:24","slug":"prefeitura-de-monteiro-realiza-mais-uma-chamada-para-aprovados-no-concurso-2017-001-e-002","status":"publish","type":"post","link":"https:\/\/www.caririemacao.com\/1\/2019\/07\/31\/prefeitura-de-monteiro-realiza-mais-uma-chamada-para-aprovados-no-concurso-2017-001-e-002\/","title":{"rendered":"Prefeitura de Monteiro realiza mais uma chamada para aprovados no concurso 2017\/001 e 002"},"content":{"rendered":"\n<p><\/p>\n\n\n\n<hr class=\"wp-block-separator\"\/>\n\n\n\n<p>No edital de convoca\u00e7\u00e3o est\u00e3o sendo chamados aprovados no concurso realizado em 2017 para os cargos de M\u00e9dico Cl\u00ednico Geral e Agente Comunit\u00e1rios de Sa\u00fade para Santa Catarina e Alto do Cemit\u00e9rio.<\/p>\n\n\n\n<p>Com mais esta convoca\u00e7\u00e3o, a Prefeitura de Monteiro entra na hist\u00f3ria com a gest\u00e3o da prefeita Anna Lorena, sendo esta administra\u00e7\u00e3o a que mais convocou em concurso p\u00fablico.<\/p>\n\n\n\n<p>Os aprovados convocados devem comparecer a Secretaria de Administra\u00e7\u00e3o, no pr\u00e9dio da C\u00e2mara de Vereadores no prazo de 30 dias munidos dos documentos necess\u00e1rios.<\/p>\n\n\n\n<p>\u201cS\u00e3o nove convoca\u00e7\u00f5es para vagas gerais e a quinta chamada para ACS. Seguimos trabalhando para fazer de Monteiro uma cidade cada vez melhor. Melhor no servi\u00e7o, atendimento e todas as \u00e1reas necess\u00e1rias para o bem-estar da popula\u00e7\u00e3o&#8221;, afirma a gestora Anna Lorena.<\/p>\n\n\n\n<p>Acesse o edital clicando abaixo<br><a href=\"https:\/\/www.monteiro.pb.gov.br\/portal\/legislacao\/edital\/edital-de-convocacao-n-0052019-concurso-publico-0022017\" target=\"_blank\" rel=\"noreferrer noopener\">Edital de Convoca\u00e7\u00e3o N. 005\/2019 \u2013 Concurso P\u00fablico 002\/2017<\/a><a href=\"https:\/\/www.monteiro.pb.gov.br\/portal\/legislacao\/edital\/edital-de-convocacao-n-0092019-0012017\" target=\"_blank\" rel=\"noreferrer noopener\">Edital de Convoca\u00e7\u00e3o N. 009\/2019 001\/2017<\/a><\/p>\n","protected":false},"excerpt":{"rendered":"<p>No edital de convoca\u00e7\u00e3o est\u00e3o sendo chamados aprovados no concurso realizado em 2017 para os cargos de M\u00e9dico Cl\u00ednico Geral e Agente Comunit\u00e1rios de Sa\u00fade&hellip; <\/p>\n","protected":false},"author":1,"featured_media":100539,"comment_status":"closed","ping_status":"closed","sticky":false,"template":"","format":"standard","meta":{"sfsi_plus_gutenberg_text_before_share":"","sfsi_plus_gutenberg_show_text_before_share":"","sfsi_plus_gutenberg_icon_type":"","sfsi_plus_gutenberg_icon_alignemt":"","sfsi_plus_gutenburg_max_per_row":"","footnotes":""},"categories":[6],"tags":[],"class_list":["post-107887","post","type-post","status-publish","format-standard","has-post-thumbnail","hentry","category-cidades"],"_links":{"self":[{"href":"https:\/\/www.caririemacao.com\/1\/wp-json\/wp\/v2\/posts\/107887","targetHints":{"allow":["GET"]}}],"collection":[{"href":"https:\/\/www.caririemacao.com\/1\/wp-json\/wp\/v2\/posts"}],"about":[{"href":"https:\/\/www.caririemacao.com\/1\/wp-json\/wp\/v2\/types\/post"}],"author":[{"embeddable":true,"href":"https:\/\/www.caririemacao.com\/1\/wp-json\/wp\/v2\/users\/1"}],"replies":[{"embeddable":true,"href":"https:\/\/www.caririemacao.com\/1\/wp-json\/wp\/v2\/comments?post=107887"}],"version-history":[{"count":1,"href":"https:\/\/www.caririemacao.com\/1\/wp-json\/wp\/v2\/posts\/107887\/revisions"}],"predecessor-version":[{"id":107888,"href":"https:\/\/www.caririemacao.com\/1\/wp-json\/wp\/v2\/posts\/107887\/revisions\/107888"}],"wp:featuredmedia":[{"embeddable":true,"href":"https:\/\/www.caririemacao.com\/1\/wp-json\/wp\/v2\/media\/100539"}],"wp:attachment":[{"href":"https:\/\/www.caririemacao.com\/1\/wp-json\/wp\/v2\/media?parent=107887"}],"wp:term":[{"taxonomy":"category","embeddable":true,"href":"https:\/\/www.caririemacao.com\/1\/wp-json\/wp\/v2\/categories?post=107887"},{"taxonomy":"post_tag","embeddable":true,"href":"https:\/\/www.caririemacao.com\/1\/wp-json\/wp\/v2\/tags?post=107887"}],"curies":[{"name":"wp","href":"https:\/\/api.w.org\/{rel}","templated":true}]}}