{"id":107892,"date":"2019-07-31T15:44:18","date_gmt":"2019-07-31T18:44:18","guid":{"rendered":"http:\/\/www.caririemacao.com\/1\/?p=107892"},"modified":"2019-07-31T15:44:18","modified_gmt":"2019-07-31T18:44:18","slug":"inspiracao-e-tema-de-projeto-artistico-inovador-para-descobrir-talentos-na-rede-municipal-em-monteiro","status":"publish","type":"post","link":"https:\/\/www.caririemacao.com\/1\/2019\/07\/31\/inspiracao-e-tema-de-projeto-artistico-inovador-para-descobrir-talentos-na-rede-municipal-em-monteiro\/","title":{"rendered":"Inspira\u00e7\u00e3o \u00e9 tema de projeto art\u00edstico inovador para descobrir talentos na Rede Municipal em Monteiro"},"content":{"rendered":"\n<p><\/p>\n\n\n\n<hr class=\"wp-block-separator\"\/>\n\n\n\n<p>Os alunos do 6\u00ba ao 9\u00ba ano da Rede Municipal de Ensino de Monteiro participaram na \u00faltima semana de uma oficina do Projeto Inspira\u00e7\u00e3o, destinado a descobrir e revelar grandes talentos.<\/p>\n\n\n\n<p>Com o intuito de trabalhar as did\u00e1ticas dentro do Projeto Jovens Empreendedores Primeiros Passos \u2013 JEPP, o professor de Artes, Rodrigo Prata, desenvolveu o Projeto Inspira\u00e7\u00e3o, que se destina a encontrar e revelar jovens talentos ligados ao desenho e a pintura, onde em sua conclus\u00e3o e ponto alto ser\u00e1 a publica\u00e7\u00e3o de um livro com todas as artes produzidas, linchando com as atividades de marketing apontadas pelo JEPP.<\/p>\n\n\n\n<p>Para o professor Rodrigo Prata o projeto acima de tudo visa incentivar e valorizar os talentos dos alunos. \u201cAp\u00f3s a aprova\u00e7\u00e3o do projeto pela Seduc, iniciamos com as inscri\u00e7\u00f5es dos alunos interessados em participar das oficinas. Ali pude repassar t\u00e9cnicas de desenho desde as prim\u00e1rias at\u00e9 algumas mais avan\u00e7adas. Os jovens adoraram e minha perspectiva \u00e9 que este projeto termine com um lindo livro que ser\u00e1 distribu\u00eddo em todas as escolas da rede, al\u00e9m de servir tamb\u00e9m como presente a ser ofertado aos nossos visitantes\u201d, comenta o professor.<\/p>\n\n\n\n<p>\u201cTemos a expectativas aprimorar e desenvolver as habilidades dos nossos alunos. Podemos estar \u00e0s voltas de futuros grandes nomes da pintura, arquitetura, engenharia e design\u201d, conta Rodrigo Prata.<\/p>\n\n\n\n<p>Todas as atividades de Projetos desenvolvidos nas escolas da Rede Municipal est\u00e3o dentro das atividades curriculares, segundo a Secret\u00e1ria de Educa\u00e7\u00e3o, Ana Lima; \u201ccada atividade oferecida aos nossos alunos est\u00e3o planejadas para ajudar os alunos a desenvolverem o curr\u00edculo normal de ensino. Temos visto um grande avan\u00e7o, endossadas pelas notas nos \u00edndices de avalia\u00e7\u00e3o como IDEB e outros\u201d.<\/p>\n","protected":false},"excerpt":{"rendered":"<p>Os alunos do 6\u00ba ao 9\u00ba ano da Rede Municipal de Ensino de Monteiro participaram na \u00faltima semana de uma oficina do Projeto Inspira\u00e7\u00e3o, destinado&hellip; <\/p>\n","protected":false},"author":1,"featured_media":107894,"comment_status":"closed","ping_status":"closed","sticky":false,"template":"","format":"standard","meta":{"sfsi_plus_gutenberg_text_before_share":"","sfsi_plus_gutenberg_show_text_before_share":"","sfsi_plus_gutenberg_icon_type":"","sfsi_plus_gutenberg_icon_alignemt":"","sfsi_plus_gutenburg_max_per_row":"","footnotes":""},"categories":[6],"tags":[],"class_list":["post-107892","post","type-post","status-publish","format-standard","has-post-thumbnail","hentry","category-cidades"],"_links":{"self":[{"href":"https:\/\/www.caririemacao.com\/1\/wp-json\/wp\/v2\/posts\/107892","targetHints":{"allow":["GET"]}}],"collection":[{"href":"https:\/\/www.caririemacao.com\/1\/wp-json\/wp\/v2\/posts"}],"about":[{"href":"https:\/\/www.caririemacao.com\/1\/wp-json\/wp\/v2\/types\/post"}],"author":[{"embeddable":true,"href":"https:\/\/www.caririemacao.com\/1\/wp-json\/wp\/v2\/users\/1"}],"replies":[{"embeddable":true,"href":"https:\/\/www.caririemacao.com\/1\/wp-json\/wp\/v2\/comments?post=107892"}],"version-history":[{"count":1,"href":"https:\/\/www.caririemacao.com\/1\/wp-json\/wp\/v2\/posts\/107892\/revisions"}],"predecessor-version":[{"id":107895,"href":"https:\/\/www.caririemacao.com\/1\/wp-json\/wp\/v2\/posts\/107892\/revisions\/107895"}],"wp:featuredmedia":[{"embeddable":true,"href":"https:\/\/www.caririemacao.com\/1\/wp-json\/wp\/v2\/media\/107894"}],"wp:attachment":[{"href":"https:\/\/www.caririemacao.com\/1\/wp-json\/wp\/v2\/media?parent=107892"}],"wp:term":[{"taxonomy":"category","embeddable":true,"href":"https:\/\/www.caririemacao.com\/1\/wp-json\/wp\/v2\/categories?post=107892"},{"taxonomy":"post_tag","embeddable":true,"href":"https:\/\/www.caririemacao.com\/1\/wp-json\/wp\/v2\/tags?post=107892"}],"curies":[{"name":"wp","href":"https:\/\/api.w.org\/{rel}","templated":true}]}}