{"id":107899,"date":"2019-07-31T21:40:25","date_gmt":"2019-08-01T00:40:25","guid":{"rendered":"http:\/\/www.caririemacao.com\/1\/?p=107899"},"modified":"2019-07-31T21:40:25","modified_gmt":"2019-08-01T00:40:25","slug":"prefeitura-de-sume-lanca-edital-de-concurso-publico","status":"publish","type":"post","link":"https:\/\/www.caririemacao.com\/1\/2019\/07\/31\/prefeitura-de-sume-lanca-edital-de-concurso-publico\/","title":{"rendered":"Prefeitura de Sum\u00e9 lan\u00e7a edital de concurso p\u00fablico"},"content":{"rendered":"\n<p>A Prefeitura Municipal de Sum\u00e9, Para\u00edba, abriu edital de concurso p\u00fablico com 34 vagas para os n\u00edveis m\u00e9dio\/t\u00e9cnico (22) e superior (12). Dessas, tr\u00eas vagas s\u00e3o para pessoas portadoras de necessidades especiais. Os sal\u00e1rios variam entre R$ 1.056,85 e R$ 6.646,32.<\/p>\n\n\n\n<p>As inscri\u00e7\u00f5es custam R$ 85 (m\u00e9dio\/t\u00e9cnico) e R$ 105 (superior).<\/p>\n\n\n\n<p>O per\u00edodo de inscri\u00e7\u00f5es ocorrer\u00e1 do dia 07 de agosto at\u00e9 \u00e0s 23h59 do dia 04 de setembro de 2019,&nbsp; no site da Comiss\u00e3o Permanente de Concursos (CPCON) da Universidade Estadual da Para\u00edba (UEPB).<\/p>\n\n\n\n<p>A prova escrita objetiva ser\u00e1 realizada dia 20 de outubro de 2019 e a previs\u00e3o \u00e9 de que at\u00e9 10 de dezembro todos os resultados sejam divulgados.<\/p>\n\n\n\n<p>A maioria das vagas (08) \u00e9 para cuidador educacional (n\u00edvel m\u00e9dio).<\/p>\n\n\n\n<p><strong>CARGOS DE N\u00cdVEL M\u00c9DIO\/T\u00c9CNICO<\/strong><\/p>\n\n\n\n<table class=\"wp-block-table\"><tbody><tr><td><strong>N\u00ba<\/strong><\/td><td><strong>CARGOS<\/strong><\/td><td><strong>VAGAS DE<\/strong><strong>AMPLA CONCORR\u00caNCIA<\/strong><\/td><td><strong>VAGAS PARA PESSOAS PORTADORAS DE NECESSIDADES ESPECIAIS<\/strong><\/td><td><strong>REQUISITOS M\u00cdNIMOS EXIGIDOS<\/strong><\/td><td><strong>JORNADA DE TRABALHO<\/strong><\/td><td><strong>VENCIMENTOS (R$)<\/strong><\/td><\/tr><tr><td>01<\/td><td>Auxiliar de Desenvolvimento Cognitivo Infantil<\/td><td>04<\/td><td>01<\/td><td>Ensino M\u00e9dio Completo<\/td><td>40 horassemanais<\/td><td>1.063,98<\/td><\/tr><tr><td>02<\/td><td>Cuidador Educacional<\/td><td>07<\/td><td>01<\/td><td>Ensino M\u00e9dio Completo<\/td><td>40 horassemanais<\/td><td>1.063,98<\/td><\/tr><tr><td>03<\/td><td>T\u00e9cnico em Enfermagem<\/td><td>05<\/td><td>01<\/td><td>N\u00edvel M\u00e9dio Completo + T\u00e9cnico em Enfermagem+ Registro no Conselho de Classe Espec\u00edfico.&nbsp;<\/td><td>40 horas semanais<\/td><td>1.056,85<\/td><\/tr><tr><td>04<\/td><td>T\u00e9cnico em Contabilidade<\/td><td>02<\/td><td><\/td><td>N\u00edvel M\u00e9dio Completo + T\u00e9cnico em Contabilidade + Registro no Conselho de Classe Espec\u00edfico.&nbsp;<\/td><td>40 horas semanais<\/td><td>1.108,63<\/td><\/tr><tr><td>05<\/td><td>T\u00e9cnico em Radiologia<\/td><td>01<\/td><td><\/td><td>N\u00edvel M\u00e9dio Completo + T\u00e9cnico em Radiologia+ Registro no Conselho de Classe Espec\u00edfico.&nbsp;<\/td><td>24 horas semanais<\/td><td>1.563,19 + Insalubridade<\/td><\/tr><\/tbody><\/table>\n\n\n\n<p><strong>CARGOS DE N\u00cdVEL SUPERIOR<\/strong><\/p>\n\n\n\n<table class=\"wp-block-table\"><tbody><tr><td><strong>N\u00ba<\/strong><\/td><td><strong>CARGOS<\/strong><\/td><td><strong>VAGAS DE<\/strong><strong>AMPLA CONCORR\u00caNCIA<\/strong><\/td><td><strong>VAGAS PARA PESSOAS PORTADORAS DE NECESSIDADES ESPECIAIS<\/strong><\/td><td><strong>REQUISITOS M\u00cdNIMOS EXIGIDOS<\/strong><\/td><td><strong>JORNADA DE TRABALHO<\/strong><\/td><td><strong>VENCIMENTOS (R$)<\/strong><\/td><\/tr><tr><td>06<\/td><td>&nbsp;Cirurgi\u00e3o Dentista<\/td><td>&nbsp;01<\/td><td><\/td><td>N\u00edvel Superior em Odontologia com registro no conselho de classeespec\u00edfico<\/td><td>40 horas semanais<\/td><td>2.620,58<\/td><\/tr><tr><td>07<\/td><td>M\u00e9dico PSF<\/td><td>01<\/td><td><\/td><td>N\u00edvel Superior em Medicina e registro no conselho declasse espec\u00edfico<\/td><td>40 horas semanais<\/td><td>6.646,32<\/td><\/tr><tr><td>08<\/td><td>M\u00e9dico Psiquiatra<\/td><td>01<\/td><td><\/td><td>N\u00edvel Superior em Medicina com Resid\u00eancia em Psiquiatria e registro no conselho declasse espec\u00edfico<\/td><td>40 horas semanais<\/td><td>6.646,32<\/td><\/tr><tr><td>09<\/td><td>M\u00e9dico Pediatra<\/td><td>01<\/td><td><\/td><td>N\u00edvel Superior em Medicina com Resid\u00eancia em Pediatria e registro no conselho declasse espec\u00edfico<\/td><td>40 horassemanais<\/td><td>6.646,32<\/td><\/tr><tr><td>10<\/td><td>&nbsp;Professor \u2013 Inform\u00e1tica<\/td><td>&nbsp;01<\/td><td><\/td><td>&nbsp;N\u00edvel Superior em Licenciatura em Inform\u00e1tica&nbsp;<\/td><td>30 horassemanais<\/td><td>2.319,66<\/td><\/tr><tr><td>11<\/td><td>&nbsp;Professor \u2013 Dan\u00e7a<\/td><td>&nbsp;01<\/td><td><\/td><td>&nbsp;N\u00edvel Superior em Licenciatura em Dan\u00e7a&nbsp;<\/td><td>30 horassemanais<\/td><td>2.319,66<\/td><\/tr><tr><td>12<\/td><td>&nbsp;Professor \u2013 Ingl\u00eas<\/td><td>&nbsp;01<\/td><td><\/td><td>&nbsp;N\u00edvel Superior em Letras com habilita\u00e7\u00e3o em Ingl\u00eas&nbsp;<\/td><td>30 horassemanais<\/td><td>2.319,66<\/td><\/tr><tr><td>13<\/td><td>&nbsp;Professor \u2013 M\u00fasica<\/td><td>&nbsp;01<\/td><td><\/td><td>&nbsp;N\u00edvel Superior em Licenciatura em M\u00fasica e registro no conselho declasse espec\u00edfico&nbsp;<\/td><td>30 horassemanais<\/td><td>2.319,66<\/td><\/tr><tr><td>14<\/td><td>&nbsp;Professor \u2013 Ci\u00eancias<\/td><td>&nbsp;01<\/td><td><\/td><td>&nbsp;N\u00edvel Superior em Licenciatura em F\u00edsica e\/ou Qu\u00edmica e\/ou Ci\u00eancias Naturais&nbsp;&nbsp;<\/td><td>30 horassemanais<\/td><td>2.319,66<\/td><\/tr><tr><td>15<\/td><td>Professor Multidisciplinar nos anos Finais do Ensino Fundamental II \u2013 Educa\u00e7\u00e3o do Campo&nbsp;<\/td><td>01<\/td><td><\/td><td>N\u00edvel Superior em Educa\u00e7\u00e3o do Campo com habilita\u00e7\u00e3o em Ci\u00eancias Exatas e da Natureza&nbsp;<\/td><td>30 horassemanais<\/td><td>2.319,66<\/td><\/tr><tr><td>16<\/td><td>Professor Multidisciplinar nos anos Finais do Ensino Fundamental II &nbsp;\u2013 Educa\u00e7\u00e3o do Campo&nbsp;<\/td><td>01<\/td><td><\/td><td>N\u00edvel Superior em Educa\u00e7\u00e3o do Campo com habilita\u00e7\u00e3o em Ci\u00eancias Humanas e Sociais<\/td><td>30 horassemanais<\/td><td>2.319,66<\/td><\/tr><tr><td>17<\/td><td>Professor Multidisciplinar nos anos Finais do Ensino Fundamental II \u2013 Educa\u00e7\u00e3o do Campo&nbsp;<\/td><td>01<\/td><td><\/td><td>N\u00edvel Superior em Educa\u00e7\u00e3o do Campo com habilita\u00e7\u00e3o em Linguagens e C\u00f3digos&nbsp;<\/td><td>30 horassemanais<\/td><td>2.319,66<\/td><\/tr><\/tbody><\/table>\n\n\n\n<p>Confira todas as informa\u00e7\u00f5es e o edital do concurso no site da CPCON, link abaixo:<\/p>\n\n\n\n<figure class=\"wp-block-embed\"><div class=\"wp-block-embed__wrapper\">\n<div class=\"ose-wrapper ose-uid-7aadb9d00a71a2f43e8461b7f86042e5 ose-embedpress-responsive\" style=\"width:600px; height:550px; max-height:550px; max-width:100%; display:inline-block;\" data-embed-type=\"SelfHosted\"><iframe allowFullScreen=\"true\" width=\"600\" height=\"550\" data-src=\"https:\/\/cpcon.uepb.edu.br\/concursos\/2019_PM_SUME\/\"  src=\"data:image\/svg+xml;base64,PHN2ZyB3aWR0aD0iMSIgaGVpZ2h0PSIxIiB4bWxucz0iaHR0cDovL3d3dy53My5vcmcvMjAwMC9zdmciPjwvc3ZnPg==\" class=\"lazyload\" data-load-mode=\"1\"> <\/iframe><\/div>\n<\/div><\/figure>\n\n\n\n<p>Ascom\/PMS 31\/07\/2019<\/p>\n","protected":false},"excerpt":{"rendered":"<p>A Prefeitura Municipal de Sum\u00e9, Para\u00edba, abriu edital de concurso p\u00fablico com 34 vagas para os n\u00edveis m\u00e9dio\/t\u00e9cnico (22) e superior (12). Dessas, tr\u00eas vagas&hellip; <\/p>\n","protected":false},"author":1,"featured_media":68227,"comment_status":"closed","ping_status":"closed","sticky":false,"template":"","format":"standard","meta":{"sfsi_plus_gutenberg_text_before_share":"","sfsi_plus_gutenberg_show_text_before_share":"","sfsi_plus_gutenberg_icon_type":"","sfsi_plus_gutenberg_icon_alignemt":"","sfsi_plus_gutenburg_max_per_row":"","footnotes":""},"categories":[50,2],"tags":[],"class_list":["post-107899","post","type-post","status-publish","format-standard","has-post-thumbnail","hentry","category-destaque","category-geral"],"_links":{"self":[{"href":"https:\/\/www.caririemacao.com\/1\/wp-json\/wp\/v2\/posts\/107899","targetHints":{"allow":["GET"]}}],"collection":[{"href":"https:\/\/www.caririemacao.com\/1\/wp-json\/wp\/v2\/posts"}],"about":[{"href":"https:\/\/www.caririemacao.com\/1\/wp-json\/wp\/v2\/types\/post"}],"author":[{"embeddable":true,"href":"https:\/\/www.caririemacao.com\/1\/wp-json\/wp\/v2\/users\/1"}],"replies":[{"embeddable":true,"href":"https:\/\/www.caririemacao.com\/1\/wp-json\/wp\/v2\/comments?post=107899"}],"version-history":[{"count":1,"href":"https:\/\/www.caririemacao.com\/1\/wp-json\/wp\/v2\/posts\/107899\/revisions"}],"predecessor-version":[{"id":107900,"href":"https:\/\/www.caririemacao.com\/1\/wp-json\/wp\/v2\/posts\/107899\/revisions\/107900"}],"wp:featuredmedia":[{"embeddable":true,"href":"https:\/\/www.caririemacao.com\/1\/wp-json\/wp\/v2\/media\/68227"}],"wp:attachment":[{"href":"https:\/\/www.caririemacao.com\/1\/wp-json\/wp\/v2\/media?parent=107899"}],"wp:term":[{"taxonomy":"category","embeddable":true,"href":"https:\/\/www.caririemacao.com\/1\/wp-json\/wp\/v2\/categories?post=107899"},{"taxonomy":"post_tag","embeddable":true,"href":"https:\/\/www.caririemacao.com\/1\/wp-json\/wp\/v2\/tags?post=107899"}],"curies":[{"name":"wp","href":"https:\/\/api.w.org\/{rel}","templated":true}]}}