{"id":107901,"date":"2019-07-31T23:04:50","date_gmt":"2019-08-01T02:04:50","guid":{"rendered":"http:\/\/www.caririemacao.com\/1\/?p=107901"},"modified":"2019-07-31T23:04:50","modified_gmt":"2019-08-01T02:04:50","slug":"camara-de-caraubas-reinicia-trabalhos-na-proxima-semana","status":"publish","type":"post","link":"https:\/\/www.caririemacao.com\/1\/2019\/07\/31\/camara-de-caraubas-reinicia-trabalhos-na-proxima-semana\/","title":{"rendered":"C\u00e2mara de Cara\u00fabas reinicia trabalhos na pr\u00f3xima semana"},"content":{"rendered":"\n<p>Ap\u00f3s o recesso parlamentar, a C\u00e2mara Municipal de Cara\u00fabas\nretoma as atividades legislativas na pr\u00f3xima ter\u00e7a-feira (6\u00ba), com a realiza\u00e7\u00e3o\nde uma sess\u00e3o ordin\u00e1ria. A pauta dos trabalhos j\u00e1 dever\u00e1 contar com projetos e\nindica\u00e7\u00f5es produzidos pelos vereadores.<\/p>\n\n\n\n<p>Mesmo em recesso parlamentar, a C\u00e2mara Municipal cumpriu\nexpediente normalmente, ofertando todos os servi\u00e7os \u00e0 popula\u00e7\u00e3o.<\/p>\n\n\n\n<p>O presidente do Parlamento Municipal, vereador Jos\u00e9\nFranconero garante que o Legislativo d\u00e1 rein\u00edcio aos trabalhos parlamentares\ncom a mesma motiva\u00e7\u00e3o efetivada em todas as miss\u00f5es que encampou durante o\nprimeiro semestre do ano legislativo.&nbsp;<\/p>\n\n\n\n<p>\u201cO Legislativo se empenhou coletivamente para levar a efeito\nv\u00e1rias reivindica\u00e7\u00f5es dos mun\u00edcipes nos primeiros meses de 2019. Isso exigiu\nmuito de cada parlamentar, mas foi proveitoso em todos os sentidos\u201d, avaliou.<\/p>\n\n\n\n<p>Neste segundo semestre, os vereadores devem focar na\naprecia\u00e7\u00e3o da Lei Or\u00e7ament\u00e1ria Anual (LOA), a qual deve ser encaminhada a\nC\u00e2mara de Cara\u00fabas pelo Poder Executivo.<\/p>\n","protected":false},"excerpt":{"rendered":"<p>Ap\u00f3s o recesso parlamentar, a C\u00e2mara Municipal de Cara\u00fabas retoma as atividades legislativas na pr\u00f3xima ter\u00e7a-feira (6\u00ba), com a realiza\u00e7\u00e3o de uma sess\u00e3o ordin\u00e1ria. A&hellip; <\/p>\n","protected":false},"author":2,"featured_media":107903,"comment_status":"closed","ping_status":"closed","sticky":false,"template":"","format":"standard","meta":{"sfsi_plus_gutenberg_text_before_share":"","sfsi_plus_gutenberg_show_text_before_share":"","sfsi_plus_gutenberg_icon_type":"","sfsi_plus_gutenberg_icon_alignemt":"","sfsi_plus_gutenburg_max_per_row":"","footnotes":""},"categories":[50,2],"tags":[],"class_list":["post-107901","post","type-post","status-publish","format-standard","has-post-thumbnail","hentry","category-destaque","category-geral"],"_links":{"self":[{"href":"https:\/\/www.caririemacao.com\/1\/wp-json\/wp\/v2\/posts\/107901","targetHints":{"allow":["GET"]}}],"collection":[{"href":"https:\/\/www.caririemacao.com\/1\/wp-json\/wp\/v2\/posts"}],"about":[{"href":"https:\/\/www.caririemacao.com\/1\/wp-json\/wp\/v2\/types\/post"}],"author":[{"embeddable":true,"href":"https:\/\/www.caririemacao.com\/1\/wp-json\/wp\/v2\/users\/2"}],"replies":[{"embeddable":true,"href":"https:\/\/www.caririemacao.com\/1\/wp-json\/wp\/v2\/comments?post=107901"}],"version-history":[{"count":1,"href":"https:\/\/www.caririemacao.com\/1\/wp-json\/wp\/v2\/posts\/107901\/revisions"}],"predecessor-version":[{"id":107904,"href":"https:\/\/www.caririemacao.com\/1\/wp-json\/wp\/v2\/posts\/107901\/revisions\/107904"}],"wp:featuredmedia":[{"embeddable":true,"href":"https:\/\/www.caririemacao.com\/1\/wp-json\/wp\/v2\/media\/107903"}],"wp:attachment":[{"href":"https:\/\/www.caririemacao.com\/1\/wp-json\/wp\/v2\/media?parent=107901"}],"wp:term":[{"taxonomy":"category","embeddable":true,"href":"https:\/\/www.caririemacao.com\/1\/wp-json\/wp\/v2\/categories?post=107901"},{"taxonomy":"post_tag","embeddable":true,"href":"https:\/\/www.caririemacao.com\/1\/wp-json\/wp\/v2\/tags?post=107901"}],"curies":[{"name":"wp","href":"https:\/\/api.w.org\/{rel}","templated":true}]}}