{"id":107905,"date":"2019-07-31T23:41:59","date_gmt":"2019-08-01T02:41:59","guid":{"rendered":"http:\/\/www.caririemacao.com\/1\/?p=107905"},"modified":"2019-07-31T23:42:33","modified_gmt":"2019-08-01T02:42:33","slug":"populacao-do-alto-dos-pedro-em-ouro-velho-comemora-construcao-de-adutora","status":"publish","type":"post","link":"https:\/\/www.caririemacao.com\/1\/2019\/07\/31\/populacao-do-alto-dos-pedro-em-ouro-velho-comemora-construcao-de-adutora\/","title":{"rendered":"Popula\u00e7\u00e3o de Alto dos Pedro em Ouro Velho comemora constru\u00e7\u00e3o de adutora"},"content":{"rendered":"\n<p>Atrav\u00e9s da Prefeitura Municipal de Ouro Velho, a Comunidade de Alto dos Pedros estar\u00e1 recebendo, em breve, \u00e1gua em suas casas pelo projeto de adutora que est\u00e1 sendo executada na comunidade. <\/p>\n\n\n\n<p>Na rede social, o esposo da prefeita Nat\u00e1lia, Dr. J\u00fanior,\ncomemorou o sucesso da perfura\u00e7\u00e3o do po\u00e7o que fornecer\u00e1 \u00e1gua at\u00e9 as torneiras, beneficiando\nas pessoas que residem Alto dos Pedros. A obra est\u00e1 sendo executada com\nrecursos pr\u00f3prios. S\u00e3o quase 74 mil reais aplicados.<\/p>\n\n\n\n<p>\u201cEstamos muito felizes porque depois de cinco tentativas\nconseguimos encontrar \u00e1gua. A pr\u00f3xima etapa ser\u00e1 a implanta\u00e7\u00e3o de toda\ntubula\u00e7\u00e3o e a constru\u00e7\u00e3o da caixa d\u2019\u00e1gua para a capta\u00e7\u00e3o h\u00eddrica e distribui\u00e7\u00e3o\npara as resid\u00eancias,&#8221; concluiu o m\u00e9dico Dr. J\u00fanior, esposo da prefeita\nNat\u00e1lia. <\/p>\n","protected":false},"excerpt":{"rendered":"<p>Atrav\u00e9s da Prefeitura Municipal de Ouro Velho, a Comunidade de Alto dos Pedros estar\u00e1 recebendo, em breve, \u00e1gua em suas casas pelo projeto de adutora&hellip; <\/p>\n","protected":false},"author":2,"featured_media":107906,"comment_status":"closed","ping_status":"closed","sticky":false,"template":"","format":"standard","meta":{"sfsi_plus_gutenberg_text_before_share":"","sfsi_plus_gutenberg_show_text_before_share":"","sfsi_plus_gutenberg_icon_type":"","sfsi_plus_gutenberg_icon_alignemt":"","sfsi_plus_gutenburg_max_per_row":"","footnotes":""},"categories":[6,50],"tags":[],"class_list":["post-107905","post","type-post","status-publish","format-standard","has-post-thumbnail","hentry","category-cidades","category-destaque"],"_links":{"self":[{"href":"https:\/\/www.caririemacao.com\/1\/wp-json\/wp\/v2\/posts\/107905","targetHints":{"allow":["GET"]}}],"collection":[{"href":"https:\/\/www.caririemacao.com\/1\/wp-json\/wp\/v2\/posts"}],"about":[{"href":"https:\/\/www.caririemacao.com\/1\/wp-json\/wp\/v2\/types\/post"}],"author":[{"embeddable":true,"href":"https:\/\/www.caririemacao.com\/1\/wp-json\/wp\/v2\/users\/2"}],"replies":[{"embeddable":true,"href":"https:\/\/www.caririemacao.com\/1\/wp-json\/wp\/v2\/comments?post=107905"}],"version-history":[{"count":2,"href":"https:\/\/www.caririemacao.com\/1\/wp-json\/wp\/v2\/posts\/107905\/revisions"}],"predecessor-version":[{"id":107908,"href":"https:\/\/www.caririemacao.com\/1\/wp-json\/wp\/v2\/posts\/107905\/revisions\/107908"}],"wp:featuredmedia":[{"embeddable":true,"href":"https:\/\/www.caririemacao.com\/1\/wp-json\/wp\/v2\/media\/107906"}],"wp:attachment":[{"href":"https:\/\/www.caririemacao.com\/1\/wp-json\/wp\/v2\/media?parent=107905"}],"wp:term":[{"taxonomy":"category","embeddable":true,"href":"https:\/\/www.caririemacao.com\/1\/wp-json\/wp\/v2\/categories?post=107905"},{"taxonomy":"post_tag","embeddable":true,"href":"https:\/\/www.caririemacao.com\/1\/wp-json\/wp\/v2\/tags?post=107905"}],"curies":[{"name":"wp","href":"https:\/\/api.w.org\/{rel}","templated":true}]}}