{"id":107911,"date":"2019-08-01T07:28:38","date_gmt":"2019-08-01T10:28:38","guid":{"rendered":"http:\/\/www.caririemacao.com\/1\/?p=107911"},"modified":"2019-08-01T07:28:38","modified_gmt":"2019-08-01T10:28:38","slug":"pbgas-reajusta-em-226-preco-do-gas-natural-no-segmento-industrial","status":"publish","type":"post","link":"https:\/\/www.caririemacao.com\/1\/2019\/08\/01\/pbgas-reajusta-em-226-preco-do-gas-natural-no-segmento-industrial\/","title":{"rendered":"PBG\u00e1s reajusta em 2,26% pre\u00e7o do g\u00e1s natural no segmento Industrial"},"content":{"rendered":"\n<p>Ag\u00eancia de Regula\u00e7\u00e3o da Para\u00edba aprovou o percentual de reajuste do pre\u00e7o do g\u00e1s natural comercializado pela Companhia Paraibana de G\u00e1s &#8211; PBG\u00e1s, que vigora a partir desta quinta-feira (1\u00b0).&nbsp;A Resolu\u00e7\u00e3o foi publicada no Di\u00e1rio Oficial do Estado desta quinta-feira.<\/p>\n\n\n\n<figure class=\"wp-block-image\"><img decoding=\"async\" data-src=\"https:\/\/www.clickpb.com.br\/media\/filer_public\/25\/39\/25397167-4e98-45c7-a856-ecc5417b1303\/20190801_063059.jpg\" alt=\"\" src=\"data:image\/svg+xml;base64,PHN2ZyB3aWR0aD0iMSIgaGVpZ2h0PSIxIiB4bWxucz0iaHR0cDovL3d3dy53My5vcmcvMjAwMC9zdmciPjwvc3ZnPg==\" class=\"lazyload\" \/><\/figure>\n\n\n\n<p>O \u00f3rg\u00e3o aprovou reajuste da tarifa m\u00e9dia de 1,32%, sobre o pre\u00e7o do g\u00e1s natural&nbsp;comercializado pela Companhia Paraibana de G\u00e1s \u2013 PBG\u00e1s, sendo 2,26% no segmento Industrial.<\/p>\n\n\n\n<p>Al\u00e9m disso, tamb\u00e9m foi aprovado 0,00% no segmento de G\u00e1s Natural Veicular \u2013 GNV; 0,00% no segmento G\u00e1s Natural Comprimido \u2013 GNC; 0,00 % no segmento Comercial; 0,00% no segmento Residencial; 2,26% no segmento dos Energ\u00e9ticos de Baixo Valor Agregado \u2013 EBVA; e 2,19% no segmento Gera\u00e7\u00e3o Distribu\u00edda \u2013 GD.<\/p>\n","protected":false},"excerpt":{"rendered":"<p>Ag\u00eancia de Regula\u00e7\u00e3o da Para\u00edba aprovou o percentual de reajuste do pre\u00e7o do g\u00e1s natural comercializado pela Companhia Paraibana de G\u00e1s &#8211; PBG\u00e1s, que vigora&hellip; <\/p>\n","protected":false},"author":1,"featured_media":107912,"comment_status":"closed","ping_status":"closed","sticky":false,"template":"","format":"standard","meta":{"sfsi_plus_gutenberg_text_before_share":"","sfsi_plus_gutenberg_show_text_before_share":"","sfsi_plus_gutenberg_icon_type":"","sfsi_plus_gutenberg_icon_alignemt":"","sfsi_plus_gutenburg_max_per_row":"","footnotes":""},"categories":[2],"tags":[],"class_list":["post-107911","post","type-post","status-publish","format-standard","has-post-thumbnail","hentry","category-geral"],"_links":{"self":[{"href":"https:\/\/www.caririemacao.com\/1\/wp-json\/wp\/v2\/posts\/107911","targetHints":{"allow":["GET"]}}],"collection":[{"href":"https:\/\/www.caririemacao.com\/1\/wp-json\/wp\/v2\/posts"}],"about":[{"href":"https:\/\/www.caririemacao.com\/1\/wp-json\/wp\/v2\/types\/post"}],"author":[{"embeddable":true,"href":"https:\/\/www.caririemacao.com\/1\/wp-json\/wp\/v2\/users\/1"}],"replies":[{"embeddable":true,"href":"https:\/\/www.caririemacao.com\/1\/wp-json\/wp\/v2\/comments?post=107911"}],"version-history":[{"count":1,"href":"https:\/\/www.caririemacao.com\/1\/wp-json\/wp\/v2\/posts\/107911\/revisions"}],"predecessor-version":[{"id":107913,"href":"https:\/\/www.caririemacao.com\/1\/wp-json\/wp\/v2\/posts\/107911\/revisions\/107913"}],"wp:featuredmedia":[{"embeddable":true,"href":"https:\/\/www.caririemacao.com\/1\/wp-json\/wp\/v2\/media\/107912"}],"wp:attachment":[{"href":"https:\/\/www.caririemacao.com\/1\/wp-json\/wp\/v2\/media?parent=107911"}],"wp:term":[{"taxonomy":"category","embeddable":true,"href":"https:\/\/www.caririemacao.com\/1\/wp-json\/wp\/v2\/categories?post=107911"},{"taxonomy":"post_tag","embeddable":true,"href":"https:\/\/www.caririemacao.com\/1\/wp-json\/wp\/v2\/tags?post=107911"}],"curies":[{"name":"wp","href":"https:\/\/api.w.org\/{rel}","templated":true}]}}