{"id":107917,"date":"2019-08-01T07:31:22","date_gmt":"2019-08-01T10:31:22","guid":{"rendered":"http:\/\/www.caririemacao.com\/1\/?p=107917"},"modified":"2019-08-01T07:31:22","modified_gmt":"2019-08-01T10:31:22","slug":"contas-de-energia-terao-bandeira-vermelha-em-todo-o-pais-no-mes-de-agosto","status":"publish","type":"post","link":"https:\/\/www.caririemacao.com\/1\/2019\/08\/01\/contas-de-energia-terao-bandeira-vermelha-em-todo-o-pais-no-mes-de-agosto\/","title":{"rendered":"Contas de energia ter\u00e3o bandeira vermelha em todo o pa\u00eds no m\u00eas de agosto"},"content":{"rendered":"\n<p>&nbsp;Ag\u00eancia Nacional de Energia El\u00e9trica (Aneel) anunciou na \u00faltima sexta-feira, 26, que as contas de luz em todo o pa\u00eds ter\u00e3o a bandeira tarif\u00e1ria vermelha patamar 1 em agosto, o que representa um custo adicional de 4,00 reais para cada 100 quilowatts-hora consumidos. Segundo a ag\u00eancia, ocorrer\u00e1 aumento da gera\u00e7\u00e3o de energia termel\u00e9trica, porque o m\u00eas deve ser de seca nas principais bacias hidrogr\u00e1ficas do Sistema Interligado Nacional (SIN). Em julho, a bandeira foi amarela.<\/p>\n\n\n\n<p>De acordo com a Aneel, a previs\u00e3o hidrol\u00f3gica para agosto sinaliza vaz\u00f5es abaixo da m\u00e9dia hist\u00f3rica e tend\u00eancia de redu\u00e7\u00e3o dos n\u00edveis dos principais reservat\u00f3rios. \u201cEsse cen\u00e1rio requer o aumento da gera\u00e7\u00e3o termel\u00e9trica, o que influenciou o aumento do pre\u00e7o da energia e dos custos relacionados ao risco hidrol\u00f3gico em patamares condizentes com o da Bandeira Vermelha 1\u201d, informou a ag\u00eancia, em comunicado. A bandeira vermelha n\u00e3o era registrada desde outubro de 2018, mas naquele m\u00eas o patamar foi 2, com um custo adicional ainda superior.&nbsp;<\/p>\n\n\n\n<p>Criado pela Aneel, o sistema de bandeiras tarif\u00e1rias sinaliza o custo real da energia gerada, possibilitando aos consumidores o controle do uso da energia el\u00e9trica. As bandeiras tarif\u00e1rias funcionam da seguinte forma: as cores verde, amarela ou vermelha (nos patamares 1 e 2) indicam se a energia custar\u00e1 mais ou menos em fun\u00e7\u00e3o das condi\u00e7\u00f5es de gera\u00e7\u00e3o. Assim, a bandeira vermelha 2 \u00e9 a que possui o custo mais alto.<\/p>\n\n\n\n<p>Em reuni\u00e3o realizada em 21 de maio, a Aneel reajustou o sistema de bandeiras tarif\u00e1rias, que \u00e9 atualizado uma vez por ano. A bandeira verde continua sem cobran\u00e7a de taxa extra. Na bandeira amarela, a taxa extra passou para 1,50 real a cada 100 kWh consumidos. No primeiro n\u00edvel da bandeira vermelha, o adicional agora \u00e9 de 4,00 reais a cada 100 kWh. E, no segundo n\u00edvel da bandeira vermelha, a cobran\u00e7a passou a ser 6,00 reais a cada 100 kWh.<\/p>\n","protected":false},"excerpt":{"rendered":"<p>&nbsp;Ag\u00eancia Nacional de Energia El\u00e9trica (Aneel) anunciou na \u00faltima sexta-feira, 26, que as contas de luz em todo o pa\u00eds ter\u00e3o a bandeira tarif\u00e1ria vermelha&hellip; <\/p>\n","protected":false},"author":1,"featured_media":107918,"comment_status":"closed","ping_status":"closed","sticky":false,"template":"","format":"standard","meta":{"sfsi_plus_gutenberg_text_before_share":"","sfsi_plus_gutenberg_show_text_before_share":"","sfsi_plus_gutenberg_icon_type":"","sfsi_plus_gutenberg_icon_alignemt":"","sfsi_plus_gutenburg_max_per_row":"","footnotes":""},"categories":[6],"tags":[],"class_list":["post-107917","post","type-post","status-publish","format-standard","has-post-thumbnail","hentry","category-cidades"],"_links":{"self":[{"href":"https:\/\/www.caririemacao.com\/1\/wp-json\/wp\/v2\/posts\/107917","targetHints":{"allow":["GET"]}}],"collection":[{"href":"https:\/\/www.caririemacao.com\/1\/wp-json\/wp\/v2\/posts"}],"about":[{"href":"https:\/\/www.caririemacao.com\/1\/wp-json\/wp\/v2\/types\/post"}],"author":[{"embeddable":true,"href":"https:\/\/www.caririemacao.com\/1\/wp-json\/wp\/v2\/users\/1"}],"replies":[{"embeddable":true,"href":"https:\/\/www.caririemacao.com\/1\/wp-json\/wp\/v2\/comments?post=107917"}],"version-history":[{"count":1,"href":"https:\/\/www.caririemacao.com\/1\/wp-json\/wp\/v2\/posts\/107917\/revisions"}],"predecessor-version":[{"id":107919,"href":"https:\/\/www.caririemacao.com\/1\/wp-json\/wp\/v2\/posts\/107917\/revisions\/107919"}],"wp:featuredmedia":[{"embeddable":true,"href":"https:\/\/www.caririemacao.com\/1\/wp-json\/wp\/v2\/media\/107918"}],"wp:attachment":[{"href":"https:\/\/www.caririemacao.com\/1\/wp-json\/wp\/v2\/media?parent=107917"}],"wp:term":[{"taxonomy":"category","embeddable":true,"href":"https:\/\/www.caririemacao.com\/1\/wp-json\/wp\/v2\/categories?post=107917"},{"taxonomy":"post_tag","embeddable":true,"href":"https:\/\/www.caririemacao.com\/1\/wp-json\/wp\/v2\/tags?post=107917"}],"curies":[{"name":"wp","href":"https:\/\/api.w.org\/{rel}","templated":true}]}}