{"id":107929,"date":"2019-08-01T07:36:44","date_gmt":"2019-08-01T10:36:44","guid":{"rendered":"http:\/\/www.caririemacao.com\/1\/?p=107929"},"modified":"2019-08-01T07:36:44","modified_gmt":"2019-08-01T10:36:44","slug":"previsao-do-tempo-para-esta-quinta-feira-em-toda-paraiba-16","status":"publish","type":"post","link":"https:\/\/www.caririemacao.com\/1\/2019\/08\/01\/previsao-do-tempo-para-esta-quinta-feira-em-toda-paraiba-16\/","title":{"rendered":"Previs\u00e3o do tempo para esta quinta-feira em toda Para\u00edba"},"content":{"rendered":"\n<p>No decorrer do dia, o tempo dever\u00e1 permanecer inst\u00e1vel com nebulosidade vari\u00e1vel e ocorr\u00eancia de chuvas esparsas no setor leste do Estado.<\/p>\n\n\n\n<div class=\"wp-block-image\"><figure class=\"aligncenter\"><img decoding=\"async\" data-src=\"https:\/\/paraibaonline.com.br\/wp-content\/uploads\/2019\/08\/tempo0108.jpg\" alt=\"\" class=\"wp-image-755344 lazyload\" src=\"data:image\/svg+xml;base64,PHN2ZyB3aWR0aD0iMSIgaGVpZ2h0PSIxIiB4bWxucz0iaHR0cDovL3d3dy53My5vcmcvMjAwMC9zdmciPjwvc3ZnPg==\" \/><\/figure><\/div>\n","protected":false},"excerpt":{"rendered":"<p>No decorrer do dia, o tempo dever\u00e1 permanecer inst\u00e1vel com nebulosidade vari\u00e1vel e ocorr\u00eancia de chuvas esparsas no setor leste do Estado.<\/p>\n","protected":false},"author":1,"featured_media":107930,"comment_status":"closed","ping_status":"closed","sticky":false,"template":"","format":"standard","meta":{"sfsi_plus_gutenberg_text_before_share":"","sfsi_plus_gutenberg_show_text_before_share":"","sfsi_plus_gutenberg_icon_type":"","sfsi_plus_gutenberg_icon_alignemt":"","sfsi_plus_gutenburg_max_per_row":"","footnotes":""},"categories":[2],"tags":[],"class_list":["post-107929","post","type-post","status-publish","format-standard","has-post-thumbnail","hentry","category-geral"],"_links":{"self":[{"href":"https:\/\/www.caririemacao.com\/1\/wp-json\/wp\/v2\/posts\/107929","targetHints":{"allow":["GET"]}}],"collection":[{"href":"https:\/\/www.caririemacao.com\/1\/wp-json\/wp\/v2\/posts"}],"about":[{"href":"https:\/\/www.caririemacao.com\/1\/wp-json\/wp\/v2\/types\/post"}],"author":[{"embeddable":true,"href":"https:\/\/www.caririemacao.com\/1\/wp-json\/wp\/v2\/users\/1"}],"replies":[{"embeddable":true,"href":"https:\/\/www.caririemacao.com\/1\/wp-json\/wp\/v2\/comments?post=107929"}],"version-history":[{"count":1,"href":"https:\/\/www.caririemacao.com\/1\/wp-json\/wp\/v2\/posts\/107929\/revisions"}],"predecessor-version":[{"id":107931,"href":"https:\/\/www.caririemacao.com\/1\/wp-json\/wp\/v2\/posts\/107929\/revisions\/107931"}],"wp:featuredmedia":[{"embeddable":true,"href":"https:\/\/www.caririemacao.com\/1\/wp-json\/wp\/v2\/media\/107930"}],"wp:attachment":[{"href":"https:\/\/www.caririemacao.com\/1\/wp-json\/wp\/v2\/media?parent=107929"}],"wp:term":[{"taxonomy":"category","embeddable":true,"href":"https:\/\/www.caririemacao.com\/1\/wp-json\/wp\/v2\/categories?post=107929"},{"taxonomy":"post_tag","embeddable":true,"href":"https:\/\/www.caririemacao.com\/1\/wp-json\/wp\/v2\/tags?post=107929"}],"curies":[{"name":"wp","href":"https:\/\/api.w.org\/{rel}","templated":true}]}}