{"id":107935,"date":"2019-08-01T07:40:45","date_gmt":"2019-08-01T10:40:45","guid":{"rendered":"http:\/\/www.caririemacao.com\/1\/?p=107935"},"modified":"2019-08-01T07:40:45","modified_gmt":"2019-08-01T10:40:45","slug":"petrobras-aumenta-preco-de-diesel-e-gasolina-apos-tres-meses","status":"publish","type":"post","link":"https:\/\/www.caririemacao.com\/1\/2019\/08\/01\/petrobras-aumenta-preco-de-diesel-e-gasolina-apos-tres-meses\/","title":{"rendered":"Petrobras aumenta pre\u00e7o de diesel e gasolina ap\u00f3s tr\u00eas meses"},"content":{"rendered":"\n<p>&nbsp;A Petrobras anunciou que a partir desta quinta-feira (1\u00ba) os pre\u00e7os da gasolina e do diesel ser\u00e3o reajustados, com aumento em ambos.<\/p>\n\n\n\n<p>A gasolina ter\u00e1 um reajuste m\u00e9dio de R$ 0,0658, enquanto o aumento no diesel ser\u00e1 de R$ 0,0757.<\/p>\n\n\n\n<p>Com isso, o pre\u00e7o m\u00e9dio da gasolina vai de R$ 1,6457 para R$ 1,7115 (3,99%), no que representa a primeira alta em tr\u00eas meses.<\/p>\n\n\n\n<p>J\u00e1 o diesel foi de R$ 2,0205 para R$ 2,0962 (3,74%), tamb\u00e9m a primeira alta em tr\u00eas meses.<\/p>\n\n\n\n<p>Os pre\u00e7os consideram valores \u00e0 vista, sem encargos e sem tributos, praticados nas modalidades de venda padr\u00e3o nos diversos locais de entrega, disse a Petrobras.<\/p>\n\n\n\n<p>\u201cNossa pol\u00edtica de pre\u00e7os para a gasolina e o diesel vendidos \u00e0s distribuidoras tem como base o pre\u00e7o de paridade de importa\u00e7\u00e3o, formado pelas cota\u00e7\u00f5es internacionais destes produtos mais os custos que importadores teriam, como transporte e taxas portu\u00e1rias, por exemplo\u201d, informa a petroleira.<\/p>\n","protected":false},"excerpt":{"rendered":"<p>&nbsp;A Petrobras anunciou que a partir desta quinta-feira (1\u00ba) os pre\u00e7os da gasolina e do diesel ser\u00e3o reajustados, com aumento em ambos. A gasolina ter\u00e1&hellip; <\/p>\n","protected":false},"author":1,"featured_media":50351,"comment_status":"closed","ping_status":"closed","sticky":false,"template":"","format":"standard","meta":{"sfsi_plus_gutenberg_text_before_share":"","sfsi_plus_gutenberg_show_text_before_share":"","sfsi_plus_gutenberg_icon_type":"","sfsi_plus_gutenberg_icon_alignemt":"","sfsi_plus_gutenburg_max_per_row":"","footnotes":""},"categories":[2],"tags":[],"class_list":["post-107935","post","type-post","status-publish","format-standard","has-post-thumbnail","hentry","category-geral"],"_links":{"self":[{"href":"https:\/\/www.caririemacao.com\/1\/wp-json\/wp\/v2\/posts\/107935","targetHints":{"allow":["GET"]}}],"collection":[{"href":"https:\/\/www.caririemacao.com\/1\/wp-json\/wp\/v2\/posts"}],"about":[{"href":"https:\/\/www.caririemacao.com\/1\/wp-json\/wp\/v2\/types\/post"}],"author":[{"embeddable":true,"href":"https:\/\/www.caririemacao.com\/1\/wp-json\/wp\/v2\/users\/1"}],"replies":[{"embeddable":true,"href":"https:\/\/www.caririemacao.com\/1\/wp-json\/wp\/v2\/comments?post=107935"}],"version-history":[{"count":1,"href":"https:\/\/www.caririemacao.com\/1\/wp-json\/wp\/v2\/posts\/107935\/revisions"}],"predecessor-version":[{"id":107937,"href":"https:\/\/www.caririemacao.com\/1\/wp-json\/wp\/v2\/posts\/107935\/revisions\/107937"}],"wp:featuredmedia":[{"embeddable":true,"href":"https:\/\/www.caririemacao.com\/1\/wp-json\/wp\/v2\/media\/50351"}],"wp:attachment":[{"href":"https:\/\/www.caririemacao.com\/1\/wp-json\/wp\/v2\/media?parent=107935"}],"wp:term":[{"taxonomy":"category","embeddable":true,"href":"https:\/\/www.caririemacao.com\/1\/wp-json\/wp\/v2\/categories?post=107935"},{"taxonomy":"post_tag","embeddable":true,"href":"https:\/\/www.caririemacao.com\/1\/wp-json\/wp\/v2\/tags?post=107935"}],"curies":[{"name":"wp","href":"https:\/\/api.w.org\/{rel}","templated":true}]}}