{"id":107940,"date":"2019-08-01T07:45:29","date_gmt":"2019-08-01T10:45:29","guid":{"rendered":"http:\/\/www.caririemacao.com\/1\/?p=107940"},"modified":"2019-08-01T07:45:29","modified_gmt":"2019-08-01T10:45:29","slug":"bolsonaro-todos-devem-estar-atentos-a-armadilhas-em-acordo-com-ue","status":"publish","type":"post","link":"https:\/\/www.caririemacao.com\/1\/2019\/08\/01\/bolsonaro-todos-devem-estar-atentos-a-armadilhas-em-acordo-com-ue\/","title":{"rendered":"Bolsonaro: todos devem estar atentos a &#8220;armadilhas&#8221; em acordo com UE"},"content":{"rendered":"\n<p>presidente Jair Bolsonaro afirmou&nbsp;hoje&nbsp;(31) estar preocupado com poss\u00edveis &#8220;armadilhas&#8221; no acordo comercial do Mercosul com a Uni\u00e3o Europeia, que possam&nbsp;prejudicar um&nbsp;futuro acordo com os Estados Unidos. A declara\u00e7\u00e3o foi dada a jornalistas ap\u00f3s o presidente se reunir, no Pal\u00e1cio do Planalto, com o secret\u00e1rio de com\u00e9rcio norte-americano, Wilbur Ross, que cumpre agenda oficial no Brasil.<\/p>\n\n\n\n<p>&#8220;Todo mundo est\u00e1 preocupado com algumas armadilhas, todo mundo preocupado com isso a\u00ed, que voc\u00ea talvez possa, no acordo [Uni\u00e3o Europeia] com Mercosul,&nbsp;ter&nbsp;algum&nbsp;problema ao assinar um acordo com EUA. Isso vai em cima at\u00e9 numa quest\u00e3o de intelig\u00eancia, todo mundo tem que se preocupar com isso da\u00ed, tem que saber se porventura h\u00e1&nbsp;armadilhas ou se n\u00e3o h\u00e1. A gente parte do princ\u00edpio n\u00e3o h\u00e1&#8221;, afirmou. Pouco antes, o presidente tamb\u00e9m participou da cerim\u00f4nia de troca da Grande Guarda Presidencial,&nbsp;na sede do Poder Executivo.&nbsp;<\/p>\n\n\n\n<p>Ou\u00e7a na&nbsp;<strong>R\u00e1dio Nacional<\/strong>:Audio Player00:0000:00<\/p>\n\n\n\n<p>Em evento realizado&nbsp;ontem&nbsp;(30), na C\u00e2mara Americana de Com\u00e9rcio (Amcham), em S\u00e3o Paulo, Wilbur Ross argumentou que h\u00e1 diferen\u00e7as entre as exig\u00eancias para com\u00e9rcio com&nbsp;a Uni\u00e3o Europeia e com os Estados Unidos. Nesse caso, par\u00e2metros e padr\u00f5es relacionados a diversos setores econ\u00f4micos, bem como indicadores e regula\u00e7\u00e3o sanit\u00e1ria, por exemplo, poderiam travar um eventual acordo com o Brasil, j\u00e1 que o pa\u00eds pode&nbsp;ter&nbsp;aderido aos padr\u00f5es europeus no acordo fechado recentemente entre o Mercosul e a Uni\u00e3o Europeia. Ele deixou claro que h\u00e1 interesse dos EUA em estabelecer livre com\u00e9rcio com o Brasil, mas pediu cuidado para que o pa\u00eds &#8220;n\u00e3o caia em armadilhas&#8221; que dificultem um acordo futuro com os&nbsp;americanos.<\/p>\n\n\n\n<p>&#8220;N\u00f3s temos diferen\u00e7as com a Comiss\u00e3o Europeia em alimentos, qu\u00edmicos, autom\u00f3veis, farmac\u00eauticos, em todo tipo de setor. A gente tamb\u00e9m tem problemas com a vis\u00e3o deles em indicadores geogr\u00e1ficos de alimentos e em um monte de regula\u00e7\u00f5es sanit\u00e1rias e fitossanit\u00e1rias. Ent\u00e3o, o que quero advertir \u00e9 que, por favor, tenham cuidado para n\u00e3o ca\u00edrem em armadilhas [regulat\u00f3rias] que sejam inconsistentes com o acordo de livre com\u00e9rcio conosco&#8221;, disse, sem dar detalhes.<\/p>\n\n\n\n<p>Bolsonaro classificou a reuni\u00e3o com Ross em Bras\u00edlia como &#8220;excelente&#8221; e avaliou que as rela\u00e7\u00f5es comerciais entre Brasil e Estados Unidos est\u00e3o aqu\u00e9m do potencial.&nbsp;&#8220;Acho que nosso com\u00e9rcio, dois pa\u00edses que tem juntos mais de 500 milh\u00f5es de habitantes, \u00e9 muito fraco&#8221;, afirmou. Os EUA s\u00e3o o segundo maior parceiro comercial do&nbsp;Brasil, atr\u00e1s apenas da China. Em 2018, as exporta\u00e7\u00f5es de produtos brasileiros aos pa\u00eds norte-americano representou cerca de 12% do total, somando US$ 28,7 bilh\u00f5es.&nbsp;<\/p>\n\n\n\n<p>Entre os principais produtos exportados est\u00e3o avi\u00f5es, \u00f3leos brutos de petr\u00f3leo e produtos semimanufaturados de ferro e a\u00e7o. O Brasil importa principalmente combust\u00edvel&nbsp;refinado, como gasolina e \u00f3leo diesel.&nbsp;<\/p>\n\n\n\n<h2 class=\"wp-block-heading\">Crise no Paraguai<\/h2>\n\n\n\n<p>Bolsonaro tamb\u00e9m foi questionado por jornalistas sobre a crise pol\u00edtica desencadeada no Paraguai, ap\u00f3s a revela\u00e7\u00e3o da ata de um acordo entre o Brasil e o pa\u00eds vizinho, voltado para a compra de energia el\u00e9trica produzida pela Usina de&nbsp;<a href=\"http:\/\/agenciabrasil.ebc.com.br\/internacional\/noticia\/2019-07\/chanceler-e-embaixador-do-paraguai-no-brasil-pedem-demissao\" target=\"_blank\" rel=\"noreferrer noopener\">Itaipu<\/a>. O caso, que resultou na ren\u00fancia do chanceler Luis Castiglioni e do embaixador paraguaio no Brasil Hugo Caballero, aumentou a press\u00e3o sobre o presidente M\u00e1rio Abdo Ben\u00edtez, que corre o risco de sofrer um processo de impeachment.<\/p>\n\n\n\n<p>&#8220;Sabe como \u00e9 que funciona, l\u00e1 \u00e9 muito r\u00e1pido o impeachment.&nbsp;Ontem&nbsp;eu conversei com o Silva e Luna, o presidente da parte brasileira de Itaipu. Estamos resolvendo este&nbsp;assunto. Pode deixar que o Marito vai ser reconhecido pelo bom trabalho que est\u00e1 fazendo no Paraguai&#8221;, disse Bolsonaro.<\/p>\n\n\n\n<p>A pol\u00eamica envolvendo a ata do acordo, aprovada em maio, tamb\u00e9m causou as demiss\u00f5es do presidente da Administra\u00e7\u00e3o Nacional de Eletricidade (Ande), Alcides Jim\u00e9nez, e do diretor paraguaio de Itaipu, Alberto Alderete. As demiss\u00f5es foram anunciadas na \u00faltima&nbsp;segunda-feira (29) pelo porta-voz da presid\u00eancia do Paraguai, Hern\u00e1n Hutteman, que disse terem sido aceitas pelo presidente Mario Abdo Ben\u00edtez.<\/p>\n\n\n\n<p>Pesou nas demiss\u00f5es a acusa\u00e7\u00e3o de que a ata do acordo havia sido debatida e aprovada sem a devida transpar\u00eancia. Autoridades e congressistas afirmaram que o acordo negociado seria prejudicial ao Paraguai e que poderia causar um preju\u00edzo de at\u00e9 US$ 300 milh\u00f5es. O Congresso paraguaio aprovou essa semana um projeto para anular os termos da ata. O texto diz que o governo deve encarar toda negocia\u00e7\u00e3o &#8220;com o Brasil sobre Itaipu na base da transpar\u00eancia, em particular da plena soberania hidrel\u00e9trica&#8221;. O projeto diz ainda que as negocia\u00e7\u00f5es devem ocorrer com a ampla participa\u00e7\u00e3o dos poderes do Estado. A decis\u00e3o foi ratificada pelo presidente paraguaio. Com a revoga\u00e7\u00e3o, o acordo volta a ser renegociado, no n\u00edvel t\u00e9cnico, disse comunicado oficial da Presid\u00eancia paraguaia.<\/p>\n\n\n\n<p>Assista na&nbsp;<strong>TV Brasil:<\/strong>&nbsp;Bolsonaro negocia acordo comercial com EUA<\/p>\n\n\n\n<figure><iframe allowfullscreen=\"\" data-src=\"https:\/\/www.youtube.com\/embed\/8tTQaTrnCo4\" src=\"data:image\/svg+xml;base64,PHN2ZyB3aWR0aD0iMSIgaGVpZ2h0PSIxIiB4bWxucz0iaHR0cDovL3d3dy53My5vcmcvMjAwMC9zdmciPjwvc3ZnPg==\" class=\"lazyload\" data-load-mode=\"1\"><\/iframe><\/figure>\n","protected":false},"excerpt":{"rendered":"<p>presidente Jair Bolsonaro afirmou&nbsp;hoje&nbsp;(31) estar preocupado com poss\u00edveis &#8220;armadilhas&#8221; no acordo comercial do Mercosul com a Uni\u00e3o Europeia, que possam&nbsp;prejudicar um&nbsp;futuro acordo com os Estados&hellip; <\/p>\n","protected":false},"author":1,"featured_media":105525,"comment_status":"closed","ping_status":"closed","sticky":false,"template":"","format":"standard","meta":{"sfsi_plus_gutenberg_text_before_share":"","sfsi_plus_gutenberg_show_text_before_share":"","sfsi_plus_gutenberg_icon_type":"","sfsi_plus_gutenberg_icon_alignemt":"","sfsi_plus_gutenburg_max_per_row":"","footnotes":""},"categories":[11],"tags":[],"class_list":["post-107940","post","type-post","status-publish","format-standard","has-post-thumbnail","hentry","category-politica"],"_links":{"self":[{"href":"https:\/\/www.caririemacao.com\/1\/wp-json\/wp\/v2\/posts\/107940","targetHints":{"allow":["GET"]}}],"collection":[{"href":"https:\/\/www.caririemacao.com\/1\/wp-json\/wp\/v2\/posts"}],"about":[{"href":"https:\/\/www.caririemacao.com\/1\/wp-json\/wp\/v2\/types\/post"}],"author":[{"embeddable":true,"href":"https:\/\/www.caririemacao.com\/1\/wp-json\/wp\/v2\/users\/1"}],"replies":[{"embeddable":true,"href":"https:\/\/www.caririemacao.com\/1\/wp-json\/wp\/v2\/comments?post=107940"}],"version-history":[{"count":1,"href":"https:\/\/www.caririemacao.com\/1\/wp-json\/wp\/v2\/posts\/107940\/revisions"}],"predecessor-version":[{"id":107941,"href":"https:\/\/www.caririemacao.com\/1\/wp-json\/wp\/v2\/posts\/107940\/revisions\/107941"}],"wp:featuredmedia":[{"embeddable":true,"href":"https:\/\/www.caririemacao.com\/1\/wp-json\/wp\/v2\/media\/105525"}],"wp:attachment":[{"href":"https:\/\/www.caririemacao.com\/1\/wp-json\/wp\/v2\/media?parent=107940"}],"wp:term":[{"taxonomy":"category","embeddable":true,"href":"https:\/\/www.caririemacao.com\/1\/wp-json\/wp\/v2\/categories?post=107940"},{"taxonomy":"post_tag","embeddable":true,"href":"https:\/\/www.caririemacao.com\/1\/wp-json\/wp\/v2\/tags?post=107940"}],"curies":[{"name":"wp","href":"https:\/\/api.w.org\/{rel}","templated":true}]}}