{"id":107945,"date":"2019-08-01T07:48:03","date_gmt":"2019-08-01T10:48:03","guid":{"rendered":"http:\/\/www.caririemacao.com\/1\/?p=107945"},"modified":"2019-08-01T07:48:03","modified_gmt":"2019-08-01T10:48:03","slug":"programa-medicos-pelo-brasil-vai-substituir-mais-medicos","status":"publish","type":"post","link":"https:\/\/www.caririemacao.com\/1\/2019\/08\/01\/programa-medicos-pelo-brasil-vai-substituir-mais-medicos\/","title":{"rendered":"Programa M\u00e9dicos pelo Brasil vai substituir Mais M\u00e9dicos"},"content":{"rendered":"\n<p>O presidente Jair Bolsonaro e o ministro da Sa\u00fade, Henrique Mandetta, lan\u00e7am nesta quinta-feira (1\u00ba) o programa M\u00e9dicos pelo Brasil, que vai substituir o Mais M\u00e9dicos, criado em 2013, no governo de Dilma Rousseff. O lan\u00e7amento ocorrer\u00e1 em cerim\u00f4nia no Pal\u00e1cio do Planalto, marcada para as 11h.<\/p>\n\n\n\n<p>O principal objetivo do novo programa continua sendo a interioriza\u00e7\u00e3o de m\u00e9dicos pelo pa\u00eds, especialmente nas regi\u00f5es mais remotas e desassistidas. &#8220;O programa prev\u00ea a prioriza\u00e7\u00e3o da presta\u00e7\u00e3o de servi\u00e7os m\u00e9dicos na aten\u00e7\u00e3o prim\u00e1ria de sa\u00fade no Sistema \u00danico de Sa\u00fade (SUS), principalmente em munic\u00edpios pequenos e remotos do Brasil, locais de dif\u00edcil provimento ou alta vulnerabilidade, al\u00e9m de aprimorar o modelo de atendimento m\u00e9dico federal. O programa objetiva tamb\u00e9m desenvolver e intensificar a forma\u00e7\u00e3o de profissionais m\u00e9dicos, especialistas em medicina de fam\u00edlia e comunidade&#8221;, afirmou o porta-voz do Pal\u00e1cio do Planalto, Ot\u00e1vio R\u00eago Barros, na entrevista di\u00e1ria concedida ontem (30) a jornalistas.<\/p>\n\n\n\n<p>Uma das principais novidades do M\u00e9dicos pelo Brasil \u00e9 a contrata\u00e7\u00e3o dos profissionais pelo regime de Conslida\u00e7\u00e3o das Leis do Trabalho (CLT). At\u00e9 ent\u00e3o, os contratos eram tempor\u00e1rios de at\u00e9 tr\u00eas anos. O valor do sal\u00e1rio, atualmente em R$ 11,8 mil, tamb\u00e9m deve aumentar. Est\u00e3o previstas gratifica\u00e7\u00f5es de acordo com o local de lota\u00e7\u00e3o do m\u00e9dico. A sele\u00e7\u00e3o para o programa ser\u00e1 feita, segundo o governo, por meio de prova objetiva. O programa tamb\u00e9m pretende intensificar a forma\u00e7\u00e3o de profissionais m\u00e9dicos como especialistas em medicina de fam\u00edlia e comunidade.<\/p>\n\n\n\n<p>A substitui\u00e7\u00e3o do Mais M\u00e9dicos pelo M\u00e9dicos pelo Brasil dever\u00e1 ser gradual, respeitando os atuais contratos em vigor. A expectativa \u00e9 manter as cerca de 18 mil vagas em mais de 4 mil munic\u00edpios de todo o pa\u00eds.<\/p>\n\n\n\n<p>O governo espera que o novo programa seja mais atrativo na aloca\u00e7\u00e3o de profissionais m\u00e9dicos em \u00e1reas de baixa cobertura de sa\u00fade p\u00fablica. &#8220;Eles [Minist\u00e9rio da Sa\u00fade] estudaram alguns aspectos que v\u00e3o favorecer a chamada, a sele\u00e7\u00e3o desses novos m\u00e9dicos. N\u00f3s estamos bastante esperan\u00e7osos que isso possa suplantar as dificuldades que n\u00f3s t\u00ednhamos no passado&#8221;, acrescentou R\u00eago Barros. &nbsp;<\/p>\n\n\n\n<h2 class=\"wp-block-heading\">Cubanos<\/h2>\n\n\n\n<p>A incorpora\u00e7\u00e3o dos cerca de 1,8 mil m\u00e9dicos cubanos que permaneceram no pa\u00eds, ap\u00f3s o fim do acordo com o governo de Cuba, n\u00e3o est\u00e1 prevista no novo programa. &#8220;A situa\u00e7\u00e3o dos m\u00e9dicos cubanos est\u00e1 sendo analisada pelo minist\u00e9rio, buscando alternativas para o seu exerc\u00edcio profissional&#8221;, disse o porta-voz do governo.<\/p>\n\n\n\n<p>Portaria publicada essa semana pelos minist\u00e9rios da Justi\u00e7a e das Rela\u00e7\u00f5es Exteriores&nbsp;<a href=\"http:\/\/agenciabrasil.ebc.com.br\/geral\/noticia\/2019-07\/governo-regulamenta-concessao-de-residencia-medicos-cubanos-0\" target=\"_blank\" rel=\"noreferrer noopener\">regulamentou a resid\u00eancia<\/a>&nbsp;de cubanos que participaram do programa Mais M\u00e9dicos no Brasil. A apresenta\u00e7\u00e3o do requerimento de autoriza\u00e7\u00e3o de resid\u00eancia em territ\u00f3rio brasileiro dever\u00e1 ser feita junto \u00e0 Pol\u00edcia Federal.<\/p>\n\n\n\n<p>De acordo com a portaria, o imigrante poder\u00e1 requerer a autoriza\u00e7\u00e3o de resid\u00eancia \u2013 que poder\u00e1 ter prazo indeterminado \u2013 no per\u00edodo de 90 dias anteriores \u00e0 expira\u00e7\u00e3o do prazo de 2 anos, previsto para que as autoridades brasileiras concluam o processo de autoriza\u00e7\u00e3o de resid\u00eancia. A autoriza\u00e7\u00e3o de resid\u00eancia implicar\u00e1 na \u201cdesist\u00eancia expressa e volunt\u00e1ria de solicita\u00e7\u00e3o de reconhecimento da condi\u00e7\u00e3o de refugiado\u201d.<\/p>\n","protected":false},"excerpt":{"rendered":"<p>O presidente Jair Bolsonaro e o ministro da Sa\u00fade, Henrique Mandetta, lan\u00e7am nesta quinta-feira (1\u00ba) o programa M\u00e9dicos pelo Brasil, que vai substituir o Mais&hellip; <\/p>\n","protected":false},"author":1,"featured_media":83579,"comment_status":"closed","ping_status":"closed","sticky":false,"template":"","format":"standard","meta":{"sfsi_plus_gutenberg_text_before_share":"","sfsi_plus_gutenberg_show_text_before_share":"","sfsi_plus_gutenberg_icon_type":"","sfsi_plus_gutenberg_icon_alignemt":"","sfsi_plus_gutenburg_max_per_row":"","footnotes":""},"categories":[2],"tags":[],"class_list":["post-107945","post","type-post","status-publish","format-standard","has-post-thumbnail","hentry","category-geral"],"_links":{"self":[{"href":"https:\/\/www.caririemacao.com\/1\/wp-json\/wp\/v2\/posts\/107945","targetHints":{"allow":["GET"]}}],"collection":[{"href":"https:\/\/www.caririemacao.com\/1\/wp-json\/wp\/v2\/posts"}],"about":[{"href":"https:\/\/www.caririemacao.com\/1\/wp-json\/wp\/v2\/types\/post"}],"author":[{"embeddable":true,"href":"https:\/\/www.caririemacao.com\/1\/wp-json\/wp\/v2\/users\/1"}],"replies":[{"embeddable":true,"href":"https:\/\/www.caririemacao.com\/1\/wp-json\/wp\/v2\/comments?post=107945"}],"version-history":[{"count":1,"href":"https:\/\/www.caririemacao.com\/1\/wp-json\/wp\/v2\/posts\/107945\/revisions"}],"predecessor-version":[{"id":107946,"href":"https:\/\/www.caririemacao.com\/1\/wp-json\/wp\/v2\/posts\/107945\/revisions\/107946"}],"wp:featuredmedia":[{"embeddable":true,"href":"https:\/\/www.caririemacao.com\/1\/wp-json\/wp\/v2\/media\/83579"}],"wp:attachment":[{"href":"https:\/\/www.caririemacao.com\/1\/wp-json\/wp\/v2\/media?parent=107945"}],"wp:term":[{"taxonomy":"category","embeddable":true,"href":"https:\/\/www.caririemacao.com\/1\/wp-json\/wp\/v2\/categories?post=107945"},{"taxonomy":"post_tag","embeddable":true,"href":"https:\/\/www.caririemacao.com\/1\/wp-json\/wp\/v2\/tags?post=107945"}],"curies":[{"name":"wp","href":"https:\/\/api.w.org\/{rel}","templated":true}]}}